{"id":139319,"date":"2023-03-16T00:20:42","date_gmt":"2023-03-16T03:20:42","guid":{"rendered":"http:\/\/centraldeportes.com.ar\/?p=32020"},"modified":"2025-02-11T13:30:22","modified_gmt":"2025-02-11T16:30:22","slug":"deportivo-armenio-con-battigelli-titular-se-despidio-de-la-copa-argentina","status":"publish","type":"post","link":"https:\/\/cdnoticias.com\/index.php\/2023\/03\/16\/deportivo-armenio-con-battigelli-titular-se-despidio-de-la-copa-argentina\/","title":{"rendered":"Deportivo Armenio, con Battigelli titular, se despidi\u00f3 de la Copa Argentina"},"content":{"rendered":"<p>El \u201cTricolor\u201d no pudo con Argentinos Juniors y cay\u00f3 este mi\u00e9rcoles en instancias de 32avos de final del certamen m\u00e1s federal del pa\u00eds.<!--more--><\/p>\n<hr \/>\n<p>La continuidad de la Copa Argentina 2023 cruz\u00f3 en el camino al representante de la B \u201cMetro\u201d, <strong>Deportivo Armenio<\/strong>, y al de Primera Divisi\u00f3n, <strong>Argentinos Juniors<\/strong>, que<strong> se midieron en la tarde de este mi\u00e9rcoles por los 32avos del certamen<\/strong> en cancha de Gimnasia y Esgrima de La Plata.<\/p>\n<p>&nbsp;<\/p>\n<p>Al cabo de los 90 minutos, <strong>el \u201cBicho\u201d de La Paternal fue m\u00e1s y gole\u00f3 3 a 0 al elenco de Ingeniero Maschwitz<\/strong> con dos goles de <strong>Gabriel \u00c1valos<\/strong> y el restante de <strong>Gast\u00f3n Ver\u00f3n<\/strong> y avanz\u00f3 a la siguiente etapa donde chocar\u00e1 frente a Patronato.<\/p>\n<p>&nbsp;<\/p>\n<p><img data-recalc-dims=\"1\" loading=\"lazy\" decoding=\"async\" class=\"aligncenter wp-image-32023\" src=\"https:\/\/i0.wp.com\/centraldeportes.com.ar\/wp-content\/uploads\/2023\/03\/Battigelli-en-Armenio-e1678938040481.jpeg?resize=711%2C445\" alt=\"\" width=\"711\" height=\"445\" \/><\/p>\n<p>&nbsp;<\/p>\n<p>Como lo viene haciendo en los \u00faltimos cotejos por el ascenso metropolitano, <strong>el volante central olavarriense, Carlos Alexander Battigelli, comenz\u00f3 el partido en el once titular del \u201cTricolor\u201d y jug\u00f3 los 90 minutos<\/strong>.<\/p>\n<p>&nbsp;<\/p>\n<p>Lo venidero para el ex UAI de Urquiza ser\u00e1 el pr\u00f3ximo domingo, donde en el marco de la 6\u00b0 fecha del Torneo Apertura, <strong>Armenio estar\u00e1 enfrentando a Deportivo Merlo<\/strong> desde las 15:30 horas.<\/p>\n<p>&nbsp;<\/p>\n<p><em><strong>Foto: Glocsphoto \/ Deportivo Armenio.<\/strong><\/em><\/p>\n","protected":false},"excerpt":{"rendered":"<p>El \u201cTricolor\u201d no pudo con Argentinos Juniors y cay\u00f3 este mi\u00e9rcoles en instancias de 32avos de final del certamen m\u00e1s<\/p>\n","protected":false},"author":96739694,"featured_media":153980,"comment_status":"closed","ping_status":"closed","sticky":false,"template":"","format":"standard","meta":{"_jetpack_memberships_contains_paid_content":false,"footnotes":""},"categories":[35,37,1],"tags":[],"class_list":["post-139319","post","type-post","status-publish","format-standard","has-post-thumbnail","hentry","category-futbol","category-futbol-profesional","category-portada"],"jetpack_featured_media_url":"https:\/\/i0.wp.com\/cdnoticias.com\/wp-content\/uploads\/2023\/03\/Carlos-Battigelli-vs-Argentinos-Juniors-Copa-Argentina.jpg?fit=2048%2C1366&ssl=1","jetpack_sharing_enabled":true,"_links":{"self":[{"href":"https:\/\/cdnoticias.com\/index.php\/wp-json\/wp\/v2\/posts\/139319","targetHints":{"allow":["GET"]}}],"collection":[{"href":"https:\/\/cdnoticias.com\/index.php\/wp-json\/wp\/v2\/posts"}],"about":[{"href":"https:\/\/cdnoticias.com\/index.php\/wp-json\/wp\/v2\/types\/post"}],"author":[{"embeddable":true,"href":"https:\/\/cdnoticias.com\/index.php\/wp-json\/wp\/v2\/users\/96739694"}],"replies":[{"embeddable":true,"href":"https:\/\/cdnoticias.com\/index.php\/wp-json\/wp\/v2\/comments?post=139319"}],"version-history":[{"count":0,"href":"https:\/\/cdnoticias.com\/index.php\/wp-json\/wp\/v2\/posts\/139319\/revisions"}],"wp:featuredmedia":[{"embeddable":true,"href":"https:\/\/cdnoticias.com\/index.php\/wp-json\/wp\/v2\/media\/153980"}],"wp:attachment":[{"href":"https:\/\/cdnoticias.com\/index.php\/wp-json\/wp\/v2\/media?parent=139319"}],"wp:term":[{"taxonomy":"category","embeddable":true,"href":"https:\/\/cdnoticias.com\/index.php\/wp-json\/wp\/v2\/categories?post=139319"},{"taxonomy":"post_tag","embeddable":true,"href":"https:\/\/cdnoticias.com\/index.php\/wp-json\/wp\/v2\/tags?post=139319"}],"curies":[{"name":"wp","href":"https:\/\/api.w.org\/{rel}","templated":true}]}}