{"id":139310,"date":"2023-03-14T18:23:40","date_gmt":"2023-03-14T21:23:40","guid":{"rendered":"http:\/\/centraldeportes.com.ar\/?p=31980"},"modified":"2025-02-11T13:30:36","modified_gmt":"2025-02-11T16:30:36","slug":"hugo-alves-acompano-al-tigre-gareca-en-su-vuelta-a-velez","status":"publish","type":"post","link":"https:\/\/cdnoticias.com\/index.php\/2023\/03\/14\/hugo-alves-acompano-al-tigre-gareca-en-su-vuelta-a-velez\/","title":{"rendered":"Hugo Alves acompa\u00f1\u00f3 al \u201cTigre\u201d Gareca en su vuelta a V\u00e9lez"},"content":{"rendered":"<p>Asumiendo su rol de ayudante de campo, el olavarriense Hugo Alves estuvo presente en el empate 1 a 1 entre \u201cEl Fort\u00edn\u201d y Platense por la 7\u00b0 fecha de la Liga Profesional.<!--more--><\/p>\n<hr \/>\n<p>La noche del pasado lunes marc\u00f3<strong> el retorno de Ricardo Gareca al banco de V\u00e9lez Sarsfield<\/strong>, con la particularidad de que<strong> un olavarriense lo estar\u00e1 acompa\u00f1ando<\/strong> como asistente t\u00e9cnico.<\/p>\n<p>&nbsp;<\/p>\n<p><strong>Se trata del reconocido Hugo Alves<\/strong>, que tambi\u00e9n supo escoltar al \u201cTigre\u201d en la Selecci\u00f3n de Per\u00fa y ahora abocar\u00e1 sus funciones en el conjunto de Liniers.<\/p>\n<p>&nbsp;<\/p>\n<p>Adem\u00e1s de Alves, Gareca est\u00e1 acompa\u00f1ado por <strong>Sergio Sant\u00edn<\/strong> como ayudante de campo, los preparadores f\u00edsicos <strong>N\u00e9stor Bonillo y Ernesto Colman y Oscar Iba\u00f1ez<\/strong> como entrenador de arqueros.<\/p>\n<p>&nbsp;<\/p>\n<p>Asimismo, el pasado lunes por la noche, el flamante cuerpo t\u00e9cnico comenz\u00f3 su nuevo ciclo con un empate. All\u00ed <strong>V\u00e9lez, que tuvo la ausencia de Lucas Janson por una molestia f\u00edsica, empat\u00f3 1 a 1 con Platense<\/strong> en el estadio Jos\u00e9 Amalfitani por el duelo c\u00falmine de la 7\u00b0 fecha de la Liga Profesional.<\/p>\n<p>&nbsp;<\/p>\n<p><em><strong>Foto: V\u00e9lez a Fondo.<\/strong><\/em><\/p>\n","protected":false},"excerpt":{"rendered":"<p>Asumiendo su rol de ayudante de campo, el olavarriense Hugo Alves estuvo presente en el empate 1 a 1 entre<\/p>\n","protected":false},"author":96739694,"featured_media":154000,"comment_status":"closed","ping_status":"closed","sticky":false,"template":"","format":"standard","meta":{"_jetpack_memberships_contains_paid_content":false,"footnotes":""},"categories":[35,37,1],"tags":[],"class_list":["post-139310","post","type-post","status-publish","format-standard","has-post-thumbnail","hentry","category-futbol","category-futbol-profesional","category-portada"],"jetpack_featured_media_url":"https:\/\/i0.wp.com\/cdnoticias.com\/wp-content\/uploads\/2023\/03\/Hugo-Alves-e1678828975398.jpg?fit=1079%2C674&ssl=1","jetpack_sharing_enabled":true,"_links":{"self":[{"href":"https:\/\/cdnoticias.com\/index.php\/wp-json\/wp\/v2\/posts\/139310","targetHints":{"allow":["GET"]}}],"collection":[{"href":"https:\/\/cdnoticias.com\/index.php\/wp-json\/wp\/v2\/posts"}],"about":[{"href":"https:\/\/cdnoticias.com\/index.php\/wp-json\/wp\/v2\/types\/post"}],"author":[{"embeddable":true,"href":"https:\/\/cdnoticias.com\/index.php\/wp-json\/wp\/v2\/users\/96739694"}],"replies":[{"embeddable":true,"href":"https:\/\/cdnoticias.com\/index.php\/wp-json\/wp\/v2\/comments?post=139310"}],"version-history":[{"count":0,"href":"https:\/\/cdnoticias.com\/index.php\/wp-json\/wp\/v2\/posts\/139310\/revisions"}],"wp:featuredmedia":[{"embeddable":true,"href":"https:\/\/cdnoticias.com\/index.php\/wp-json\/wp\/v2\/media\/154000"}],"wp:attachment":[{"href":"https:\/\/cdnoticias.com\/index.php\/wp-json\/wp\/v2\/media?parent=139310"}],"wp:term":[{"taxonomy":"category","embeddable":true,"href":"https:\/\/cdnoticias.com\/index.php\/wp-json\/wp\/v2\/categories?post=139310"},{"taxonomy":"post_tag","embeddable":true,"href":"https:\/\/cdnoticias.com\/index.php\/wp-json\/wp\/v2\/tags?post=139310"}],"curies":[{"name":"wp","href":"https:\/\/api.w.org\/{rel}","templated":true}]}}