{"id":139308,"date":"2023-03-14T16:46:50","date_gmt":"2023-03-14T19:46:50","guid":{"rendered":"http:\/\/centraldeportes.com.ar\/?p=31971"},"modified":"2025-02-11T13:30:37","modified_gmt":"2025-02-11T16:30:37","slug":"nueva-clinica-deportiva-con-referentes-del-deporte-nacional","status":"publish","type":"post","link":"https:\/\/cdnoticias.com\/index.php\/2023\/03\/14\/nueva-clinica-deportiva-con-referentes-del-deporte-nacional\/","title":{"rendered":"Nueva cl\u00ednica deportiva con referentes del deporte nacional"},"content":{"rendered":"<p>El pr\u00f3ximo martes 21 de marzo se llevar\u00e1 a cabo en el Club Atl\u00e9tico Estudiantes una nueva jornada de capacitaci\u00f3n y cl\u00ednica deportiva que contar\u00e1 con la presencia de destacados referentes del deporte nacional. En esta ocasi\u00f3n ser\u00e1 sobre hockey y rugby, ofrecida desde la Municipalidad de Olavarr\u00eda, en el marco del convenio de colaboraci\u00f3n rec\u00edproca con el Gobierno de la Ciudad Aut\u00f3noma de Buenos Aires,\u00a0rubricado en agosto del a\u00f1o pasado.<\/p>\n<p><!--more--><\/p>\n<hr \/>\n<p>La actividad se llevar\u00e1 a cabo a partir de las 18 horas, con la presencia Pedro Ibarra, Sof\u00eda Maccari y Seraf\u00edn Dengra.<\/p>\n<p>&nbsp;<\/p>\n<p>La propuesta est\u00e1 destinada a chicos y chicas en edad de formaci\u00f3n deportiva, puntalmente de 10 a 18 a\u00f1os, aunque toda persona interesada podr\u00e1 acercarse a observar las alternativas. La invitaci\u00f3n es libre, abierta y gratuita.<\/p>\n<p>&nbsp;<\/p>\n<p>&nbsp;<\/p>\n<p><strong>Las visitas<\/strong><\/p>\n<p>&nbsp;<\/p>\n<p>Pedro Ibarra\u00a0retornar\u00e1 a nuestra ciudad, ya que tambi\u00e9n tom\u00f3 parte de la\u00a0Cl\u00ednica que se desarroll\u00f3 en agosto del a\u00f1o pasado, la cual cont\u00f3 adem\u00e1s con Marcos Milinkovic.<\/p>\n<p>&nbsp;<\/p>\n<p>Ibarra tuvo una destacada presencia en el combinado nacional de hockey sobre c\u00e9sped. Fue parte de la selecci\u00f3n que logr\u00f3 el oro en los Juegos Ol\u00edmpicos de R\u00edo de Janeiro 2016, adem\u00e1s de los primeros puestos tambi\u00e9n en los Juegos Panamericanos Guadalajara 2011, Toronto 2015 y Lima 2019.<\/p>\n<p>&nbsp;<\/p>\n<p>Tambi\u00e9n particip\u00f3 en los Juegos Ol\u00edmpicos de Tokio 2020, que marc\u00f3 su \u00faltima presencia en el equipo mayor. Fue, adem\u00e1s, el abanderado de la delegaci\u00f3n nacional en la ceremonia de clausura.<\/p>\n<p>&nbsp;<\/p>\n<p>Sof\u00eda Maccari\u00a0es una jugadora de hockey que actualmente integra el club San Fernando, en el Gran Buenos Aires, equipo en el que se form\u00f3 y retorn\u00f3 luego de representar durante varios a\u00f1os al Atletic Terrassa de Espa\u00f1a.<\/p>\n<p>&nbsp;<\/p>\n<p>Desde el 2009 tambi\u00e9n es parte del seleccionado mayor, con el que obtuvo, entre otras actuaciones destacadas, la medalla de plata en los Juegos Panamericanos 2011, adem\u00e1s de las medallas de plata en los Juegos Ol\u00edmpicos de Londres 2012 y en los Juegos Ol\u00edmpicos de Tokio 2020.<\/p>\n<p>&nbsp;<\/p>\n<p>Seraf\u00edn Dengra\u00a0es un ex rugbier, quien durante varios a\u00f1os defendi\u00f3 los colores de Los Pumas, adem\u00e1s de integrar los equipos de San Mart\u00edn en nuestro pa\u00eds, Queensland de Australia, Rugby Rovigo de Italia y Bourgoin Jallieu de Francia, entre otros.<\/p>\n<p>&nbsp;<\/p>\n<p>Con el combinado nacional fue parte de la Copa Mundial de 1987 y protagoniz\u00f3 17 partido internacionales. En el a\u00f1o 1990 recibi\u00f3 el premio Konex al mejor jugador de rugby argentino.<\/p>\n<p>&nbsp;<\/p>\n<p>Por informaci\u00f3n o inquietudes comunicarse con la Subsecretar\u00eda de Deportes y Recreaci\u00f3n de la Municipalidad de Olavarr\u00eda a trav\u00e9s de los n\u00fameros (02284) 444127 o 417212. Tambi\u00e9n a trav\u00e9s WhatsApp al 2284 219698, siempre de lunes a viernes de 8 a 13 horas. Toda la informaci\u00f3n tambi\u00e9n puede ser consultada a trav\u00e9s de las redes sociales, en Facebook Subsecretar\u00eda de Deportes y Recreaci\u00f3n, Municipalidad de Olavarr\u00eda o en Instagram @deportes.olavarria<\/p>\n","protected":false},"excerpt":{"rendered":"<p>El pr\u00f3ximo martes 21 de marzo se llevar\u00e1 a cabo en el Club Atl\u00e9tico Estudiantes una nueva jornada de capacitaci\u00f3n<\/p>\n","protected":false},"author":96739694,"featured_media":154002,"comment_status":"closed","ping_status":"closed","sticky":false,"template":"","format":"standard","meta":{"_jetpack_memberships_contains_paid_content":false,"footnotes":""},"categories":[30,1],"tags":[],"class_list":["post-139308","post","type-post","status-publish","format-standard","has-post-thumbnail","hentry","category-polideportivo","category-portada"],"jetpack_featured_media_url":"https:\/\/i0.wp.com\/cdnoticias.com\/wp-content\/uploads\/2023\/03\/Deportes-Visita-Milinkovich-Ibarra-1-1024x685-1.jpg?fit=1024%2C685&ssl=1","jetpack_sharing_enabled":true,"_links":{"self":[{"href":"https:\/\/cdnoticias.com\/index.php\/wp-json\/wp\/v2\/posts\/139308","targetHints":{"allow":["GET"]}}],"collection":[{"href":"https:\/\/cdnoticias.com\/index.php\/wp-json\/wp\/v2\/posts"}],"about":[{"href":"https:\/\/cdnoticias.com\/index.php\/wp-json\/wp\/v2\/types\/post"}],"author":[{"embeddable":true,"href":"https:\/\/cdnoticias.com\/index.php\/wp-json\/wp\/v2\/users\/96739694"}],"replies":[{"embeddable":true,"href":"https:\/\/cdnoticias.com\/index.php\/wp-json\/wp\/v2\/comments?post=139308"}],"version-history":[{"count":0,"href":"https:\/\/cdnoticias.com\/index.php\/wp-json\/wp\/v2\/posts\/139308\/revisions"}],"wp:featuredmedia":[{"embeddable":true,"href":"https:\/\/cdnoticias.com\/index.php\/wp-json\/wp\/v2\/media\/154002"}],"wp:attachment":[{"href":"https:\/\/cdnoticias.com\/index.php\/wp-json\/wp\/v2\/media?parent=139308"}],"wp:term":[{"taxonomy":"category","embeddable":true,"href":"https:\/\/cdnoticias.com\/index.php\/wp-json\/wp\/v2\/categories?post=139308"},{"taxonomy":"post_tag","embeddable":true,"href":"https:\/\/cdnoticias.com\/index.php\/wp-json\/wp\/v2\/tags?post=139308"}],"curies":[{"name":"wp","href":"https:\/\/api.w.org\/{rel}","templated":true}]}}