{"id":139305,"date":"2023-03-14T01:34:05","date_gmt":"2023-03-14T04:34:05","guid":{"rendered":"http:\/\/centraldeportes.com.ar\/?p=31958"},"modified":"2025-02-11T13:30:42","modified_gmt":"2025-02-11T16:30:42","slug":"espigas-no-pudo-recuperarse-y-registro-otra-derrota-en-el-interligas","status":"publish","type":"post","link":"https:\/\/cdnoticias.com\/index.php\/2023\/03\/14\/espigas-no-pudo-recuperarse-y-registro-otra-derrota-en-el-interligas\/","title":{"rendered":"Espigas no pudo recuperarse y registr\u00f3 otra derrota en el Interligas"},"content":{"rendered":"<p>En el cierre de la 3\u00b0 fecha del Torneo Uni\u00f3n Deportiva Regional, el equipo de \u201cPoroto\u201d Herrera mereci\u00f3 un poco m\u00e1s, pero fue goleado 3 a 0 por San Jorge en el Parque Carlos Guerrero y cosech\u00f3 su tercer partido sin sumar puntos.<!--more--><\/p>\n<hr \/>\n<p>Rememorando viejos encuentros del \u00a0f\u00fatbol de campa\u00f1a, <strong>Espigas, que hizo de local en cancha de Estudiantes, recibi\u00f3 en la noche de este lunes a San Jorge<\/strong> para disputar el desenlace de la 3\u00b0 fecha del Torneo Interligas. Sin embargo, en las acciones concretas, <strong>el elenco \u201cChacarero\u201d cay\u00f3 3 a 0 ante el \u201cAlbirrojo\u201d y sum\u00f3 su tercera ca\u00edda al hilo<\/strong>.<\/p>\n<p>&nbsp;<\/p>\n<p>A pesar del resultado adverso, <strong>los de \u201cPoroto\u201d Herrera fueron m\u00e1s en el primer tiempo pero no lograron quebrar nunca la valla de Ibalo<\/strong>. Caso contrario para <strong>los de Orellana<\/strong>, porque <strong>fueron efectivos<\/strong> en las pocas situaciones que hilvanaron <strong>por medio de Agust\u00edn Bianchi de penal, Franco Orsetti y Agust\u00edn Paladino<\/strong> en la \u00faltima del encuentro.<\/p>\n<p>&nbsp;<\/p>\n<h6><strong>El partido, los detalles<\/strong><\/h6>\n<p>&nbsp;<\/p>\n<p>Espigas rompi\u00f3 esquemas durante los primeros minutos y fue el due\u00f1o de la primera jugada de peligro del cotejo. Corr\u00edan 9\u2019 en el reloj cuando Dotti salt\u00f3 m\u00e1s alto que todos tras un tiro de esquina y no pudo capitalizar P\u00e9rez luego del rebote que dej\u00f3 Ibalo en la atajada previa. M\u00e1s tarde, volvi\u00f3 a avisar a los 13\u2019 con un tiro libre cerrado de Bruno Pal que casi se le col\u00f3 al arquero \u201cAlbirrojo\u201d, de buena respuesta.<\/p>\n<p>&nbsp;<\/p>\n<p>Hasta pasados los 35 minutos el elenco de Herrera intent\u00f3 mucho m\u00e1s, no par\u00f3 de pisar terreno visitante e incuso dio la sensaci\u00f3n de que el primero estaba al caer. Sin embargo, pas\u00f3 todo lo contrario.<strong> Iban 38\u2019 cuando Mutuverr\u00eda se escurri\u00f3 entre los centrales y Moyano, en el cierre, lleg\u00f3 tarde y lo derrib\u00f3 dentro del \u00e1rea. Fue penal para San Jorge<\/strong>.<\/p>\n<p>&nbsp;<\/p>\n<p>[soliloquy id=&#8221;31943&#8243;]<\/p>\n<p>&nbsp;<\/p>\n<p>Minutos antes hab\u00eda tenido la primera aproximaci\u00f3n con un disparo desviado de Orsetti a los 24\u2019, pero <strong>desde los 12 pasos, el encargado de intercambiar por gol fue Agust\u00edn Bianchi con una gran ejecuci\u00f3n para el 1 a 0 de la visita a los 39\u2019<\/strong>.<\/p>\n<p>&nbsp;<\/p>\n<h6>Segundo tiempo<\/h6>\n<p>&nbsp;<\/p>\n<p>En la segunda mitad ambos equipos salieron con una intensidad m\u00e1s acotada, aunque a los 47\u2019 alert\u00f3 nuevamente San Jorge con un cabezazo de pique al suelo de Balquintas que control\u00f3 sin problemas Riccobene. Poco sucedi\u00f3 despu\u00e9s, a pesar de las variantes, y hay que remitirse a la segunda emoci\u00f3n de la noche.<\/p>\n<p>&nbsp;<\/p>\n<h6><strong>Toque, juego asociado y a cobrar<\/strong><\/h6>\n<p>As\u00ed fue el segundo para el equipo de Orellana. <strong>Ortiz, con un pase en profundidad, busc\u00f3 a Balquinta que corri\u00f3 hasta el fondo y sac\u00f3 centro al segundo palo para la llegada de Franco Orsetti, que solo la tuvo que empujar a la red para el 2 a 0 parcial a los 79\u2019<\/strong>.<\/p>\n<p>&nbsp;<\/p>\n<p>Ya sobre el final del partido vio la roja directa Trepichio en Espigas por una falta sin pelota y de dicha acci\u00f3n naci\u00f3 el tercero de la noche. <strong>A los 94\u2019, Maguna, encargado del tiro libre desde el sector izquierdo, envi\u00f3 el esf\u00e9rico al segundo palo y apareci\u00f3 en libertad Agust\u00edn Paladino quien con un cabezazo casi sobre el suelo decret\u00f3 el 0 \u2013 3<\/strong> y la goleada final para el \u201cAlbirrojo\u201d de San Jorge, que sigue invicto en la Zona 6.<\/p>\n<p>&nbsp;<\/p>\n<p>En la pr\u00f3xima fecha, <strong>Espigas ser\u00e1 visitante ante Alumni de Benito Ju\u00e1rez<\/strong> mientras que l<strong>os dirigidos por Orellana recibir\u00e1n en su cancha a Deportivo Barracas de La Madrid<\/strong>.<\/p>\n<p>&nbsp;<\/p>\n<p><strong>S\u00edntesis Espigas \u2013 San Jorge: \u00a0<\/strong><\/p>\n<p><strong>Espigas (0):<\/strong> Santiago Riccobene; Agust\u00edn Moyano (F. Serrano), Nahuel Pintos, Agust\u00edn Trepichio, Bruno Pal; Rodrigo P\u00e9rez (G. Vizca\u00edno), Rodrigo Serrano (T. Seijo), Jes\u00fas Pal, Jos\u00e9 Luis Vivas; Ernesto Gim\u00e9nez y Juan Jos\u00e9 Dotti. DT: Daniel Herrera.<\/p>\n<p><strong>San Jorge (3): <\/strong>Pedro Ibalo; Nicol\u00e1s Cosentino, Diego Pintos, Ignacio Cejas, Sebasti\u00e1n \u00c1guilar; Esteban Balquinta, Agust\u00edn Bianchi, Diego Venzi (M. Pereyra), Ramiro Del Valle (N. Ortiz); Luca Mutuverr\u00eda (C. Maguna) y Franco Orsetti (A. Paladino). DT: Pedro Orellana.<\/p>\n<p><strong>Goles<\/strong>: 39m. PT Agust\u00edn Bianchi \u2013 p &#8211; , 34m. ST Franco Orsetti y 49m. ST Agust\u00edn Paladino (SJ).<\/p>\n<p><strong>Amonestados<\/strong>: Moyano, Vivas y Pintos (Espigas); Ibalo, Cosentino y Pereyra (San Jorge).<\/p>\n<p><strong>Expulsados<\/strong>: 48m. ST Agust\u00edn Trepichio (E).<\/p>\n<p><strong>\u00c1rbitro<\/strong>: Marcos Palavecino. <strong>Estadio<\/strong>: Parque Carlos Guerrero.<\/p>\n<p><strong>Reserva:<\/strong> Espigas 0 \u2013 2 San Jorge.<\/p>\n","protected":false},"excerpt":{"rendered":"<p>En el cierre de la 3\u00b0 fecha del Torneo Uni\u00f3n Deportiva Regional, el equipo de \u201cPoroto\u201d Herrera mereci\u00f3 un poco<\/p>\n","protected":false},"author":96739694,"featured_media":154010,"comment_status":"closed","ping_status":"closed","sticky":false,"template":"","format":"standard","meta":{"_jetpack_memberships_contains_paid_content":false,"footnotes":""},"categories":[35,1,41],"tags":[],"class_list":["post-139305","post","type-post","status-publish","format-standard","has-post-thumbnail","hentry","category-futbol","category-portada","category-primera-y-reserva"],"jetpack_featured_media_url":"https:\/\/i0.wp.com\/cdnoticias.com\/wp-content\/uploads\/2023\/03\/espigas-san-jorge-interligas-6.jpeg?fit=1280%2C853&ssl=1","jetpack_sharing_enabled":true,"_links":{"self":[{"href":"https:\/\/cdnoticias.com\/index.php\/wp-json\/wp\/v2\/posts\/139305","targetHints":{"allow":["GET"]}}],"collection":[{"href":"https:\/\/cdnoticias.com\/index.php\/wp-json\/wp\/v2\/posts"}],"about":[{"href":"https:\/\/cdnoticias.com\/index.php\/wp-json\/wp\/v2\/types\/post"}],"author":[{"embeddable":true,"href":"https:\/\/cdnoticias.com\/index.php\/wp-json\/wp\/v2\/users\/96739694"}],"replies":[{"embeddable":true,"href":"https:\/\/cdnoticias.com\/index.php\/wp-json\/wp\/v2\/comments?post=139305"}],"version-history":[{"count":0,"href":"https:\/\/cdnoticias.com\/index.php\/wp-json\/wp\/v2\/posts\/139305\/revisions"}],"wp:featuredmedia":[{"embeddable":true,"href":"https:\/\/cdnoticias.com\/index.php\/wp-json\/wp\/v2\/media\/154010"}],"wp:attachment":[{"href":"https:\/\/cdnoticias.com\/index.php\/wp-json\/wp\/v2\/media?parent=139305"}],"wp:term":[{"taxonomy":"category","embeddable":true,"href":"https:\/\/cdnoticias.com\/index.php\/wp-json\/wp\/v2\/categories?post=139305"},{"taxonomy":"post_tag","embeddable":true,"href":"https:\/\/cdnoticias.com\/index.php\/wp-json\/wp\/v2\/tags?post=139305"}],"curies":[{"name":"wp","href":"https:\/\/api.w.org\/{rel}","templated":true}]}}