{"id":139304,"date":"2023-03-13T20:06:48","date_gmt":"2023-03-13T23:06:48","guid":{"rendered":"http:\/\/centraldeportes.com.ar\/?p=31938"},"modified":"2025-02-11T13:30:46","modified_gmt":"2025-02-11T16:30:46","slug":"ganar-el-clasico-en-nuestra-casa-y-con-nuestra-gente-es-una-alegria-inmensa","status":"publish","type":"post","link":"https:\/\/cdnoticias.com\/index.php\/2023\/03\/13\/ganar-el-clasico-en-nuestra-casa-y-con-nuestra-gente-es-una-alegria-inmensa\/","title":{"rendered":"\u201cGanar el cl\u00e1sico en nuestra casa y con nuestra gente es una alegr\u00eda inmensa\u201d"},"content":{"rendered":"<p>Declar\u00f3 Marcos Bonavetti, uno de los goleadores de la tarde en el \u201cCl\u00e1sico del Riel\u201d que termin\u00f3 en festejo para el pueblo \u201cFortinero\u201d.<!--more--><\/p>\n<hr \/>\n<p>El pasado domingo, <strong>el elenco comandado por Fabricio Torres ratific\u00f3 su inmejorable arranque en el Torneo de la Uni\u00f3n Deportiva Regional<\/strong><a href=\"https:\/\/cdnoticias.com\/el-fortin-lo-dio-vuelta-y-se-quedo-con-el-clasico\/\"> tras vencer por 2 a 1 a Ferro<\/a> en el estadio Ricardo S\u00e1nchez. El favorable resultado catapult\u00f3 an\u00edmicamente a El Fort\u00edn por quedarse con el cl\u00e1sico y, adem\u00e1s, es el \u00fanico l\u00edder de la Zona 3 con puntaje perfecto.<\/p>\n<p>&nbsp;<\/p>\n<p>Una vez terminado los 90 minutos en el c\u00e9sped \u201cFortinero\u201d, <strong>Marcos Bonavetti, autor del empate transitorio, habl\u00f3 con el medio y analiz\u00f3 la victoria ante el \u201cCarbonero\u201d<\/strong>.<\/p>\n<p>&nbsp;<\/p>\n<p>\u201c<em><strong>Ganar el cl\u00e1sico en nuestra casa y con nuestra gente es una alegr\u00eda inmensa<\/strong>\u201d<\/em>, fueron las primeras palabras del mediocampista y luego continu\u00f3: <em>\u201c<strong>Estamos bien, el grupo est\u00e1 comprometido y esperamos seguir por esta senda<\/strong>\u201d<\/em>, afirm\u00f3.<\/p>\n<p>&nbsp;<\/p>\n<p><img data-recalc-dims=\"1\" loading=\"lazy\" decoding=\"async\" class=\"aligncenter  wp-image-31789\" src=\"https:\/\/i0.wp.com\/centraldeportes.com.ar\/wp-content\/uploads\/2023\/03\/fortin-ferro-13.jpeg?resize=767%2C511\" alt=\"\" width=\"767\" height=\"511\" \/><\/p>\n<p>&nbsp;<\/p>\n<p>Asimismo, el jugador de El Fort\u00edn realiz\u00f3 un balance general del partido y sostuvo que: <em>\u201cEn el primer tiempo fuimos intensos y luego <strong>supimos dar vuelta el resultado adverso porque nunca dejamos de ir para adelante<\/strong>\u201d.<\/em> Adem\u00e1s, el ex Sierra Chica manifest\u00f3 que por el calor el partido se torn\u00f3 muy pesado \u201c<em>Y los segundos tiempos cuestan, <strong>nosotros no claudicamos en buscar y por suerte se nos dio el premio, somos justos ganadores<\/strong><\/em>\u201d, enfatiz\u00f3.<\/p>\n<p>&nbsp;<\/p>\n<p>Fue una gran tarde para los Bonavetti. Primer Marcos con el empate y luego Enzo con el tanto de la victoria: \u201c<strong><em>Me emociona porque somos Fortineros de toda la vida y es una alegr\u00eda inmensa poder vivirlo junto a \u00e9l y todos los chicos<\/em><\/strong>\u201d, afirm\u00f3 el mayor de los hermanos.<\/p>\n<p>&nbsp;<\/p>\n<p><img data-recalc-dims=\"1\" loading=\"lazy\" decoding=\"async\" class=\"aligncenter  wp-image-31790\" src=\"https:\/\/i0.wp.com\/centraldeportes.com.ar\/wp-content\/uploads\/2023\/03\/fortin-ferro-14.jpeg?resize=774%2C516\" alt=\"\" width=\"774\" height=\"516\" \/><\/p>\n<p>&nbsp;<\/p>\n<p>Una de las pol\u00e9micas del partido fue un penal no advertido por Moreno en el primer tiempo, donde el mediocampista estuvo involucrado y que podr\u00eda haber sido penal para El Fort\u00edn: \u201c<em>Alcanzo a tirar el centro y despu\u00e9s me pega, <strong>quiz\u00e1 dio ley de ventaja creyendo que la pod\u00edan definir, yo tambi\u00e9n me qued\u00e9 con la sensaci\u00f3n de que lo iba a cobrar<\/strong> pero bueno, ganamos y eso es lo importante<\/em>\u201d, se sincer\u00f3 Bonavetti.<\/p>\n<p>&nbsp;<\/p>\n<p>De cara al futuro de la competencia manifest\u00f3 que \u201c<strong><em>Estamos bien con el cuerpo t\u00e9cnico, tratando de plasmar las ideas que nos plantean y tirando todos para el mismo lado creo que vamos a andar bien<\/em><\/strong>\u201d, cerr\u00f3.<\/p>\n","protected":false},"excerpt":{"rendered":"<p>Declar\u00f3 Marcos Bonavetti, uno de los goleadores de la tarde en el \u201cCl\u00e1sico del Riel\u201d que termin\u00f3 en festejo para<\/p>\n","protected":false},"author":96739694,"featured_media":154012,"comment_status":"closed","ping_status":"closed","sticky":false,"template":"","format":"standard","meta":{"_jetpack_memberships_contains_paid_content":false,"footnotes":""},"categories":[35,1,41],"tags":[],"class_list":["post-139304","post","type-post","status-publish","format-standard","has-post-thumbnail","hentry","category-futbol","category-portada","category-primera-y-reserva"],"jetpack_featured_media_url":"https:\/\/i0.wp.com\/cdnoticias.com\/wp-content\/uploads\/2023\/03\/fortin-ferro-10.jpeg?fit=1500%2C1000&ssl=1","jetpack_sharing_enabled":true,"_links":{"self":[{"href":"https:\/\/cdnoticias.com\/index.php\/wp-json\/wp\/v2\/posts\/139304","targetHints":{"allow":["GET"]}}],"collection":[{"href":"https:\/\/cdnoticias.com\/index.php\/wp-json\/wp\/v2\/posts"}],"about":[{"href":"https:\/\/cdnoticias.com\/index.php\/wp-json\/wp\/v2\/types\/post"}],"author":[{"embeddable":true,"href":"https:\/\/cdnoticias.com\/index.php\/wp-json\/wp\/v2\/users\/96739694"}],"replies":[{"embeddable":true,"href":"https:\/\/cdnoticias.com\/index.php\/wp-json\/wp\/v2\/comments?post=139304"}],"version-history":[{"count":0,"href":"https:\/\/cdnoticias.com\/index.php\/wp-json\/wp\/v2\/posts\/139304\/revisions"}],"wp:featuredmedia":[{"embeddable":true,"href":"https:\/\/cdnoticias.com\/index.php\/wp-json\/wp\/v2\/media\/154012"}],"wp:attachment":[{"href":"https:\/\/cdnoticias.com\/index.php\/wp-json\/wp\/v2\/media?parent=139304"}],"wp:term":[{"taxonomy":"category","embeddable":true,"href":"https:\/\/cdnoticias.com\/index.php\/wp-json\/wp\/v2\/categories?post=139304"},{"taxonomy":"post_tag","embeddable":true,"href":"https:\/\/cdnoticias.com\/index.php\/wp-json\/wp\/v2\/tags?post=139304"}],"curies":[{"name":"wp","href":"https:\/\/api.w.org\/{rel}","templated":true}]}}