{"id":139300,"date":"2023-03-13T15:15:59","date_gmt":"2023-03-13T18:15:59","guid":{"rendered":"http:\/\/centraldeportes.com.ar\/?p=31906"},"modified":"2025-02-11T13:28:29","modified_gmt":"2025-02-11T16:28:29","slug":"los-lobos-en-daireaux-titulo-indiscutido-en-el-zonal","status":"publish","type":"post","link":"https:\/\/cdnoticias.com\/index.php\/2023\/03\/13\/los-lobos-en-daireaux-titulo-indiscutido-en-el-zonal\/","title":{"rendered":"Los Lobos en Daireaux: t\u00edtulo indiscutido en el zonal"},"content":{"rendered":"<p>El pasado domingo, el equipo de Los Lobos se adjudic\u00f3 en forma invicta y sin ceder ning\u00fan set en la Copa Oscar Pastormerlo que se llev\u00f3 a cabo en Daireaux.<\/p>\n<p><!--more--><\/p>\n<hr \/>\n<p>La competencia homenaje a uno de los impulsores de la localidad vecina cont\u00f3 con 8 equipos en la categor\u00eda +60 y el equipo representante de Pueblo Nuevo venci\u00f3 sucesivamente a Quehuen (La Pampa) por 15\/6 y 15\/4, a Uni\u00f3n Espa\u00f1ola de San Vicente por 15\/9 y 15\/5 y por \u00faltimo al fuerte equipo de Trenque Lauquen por 16 \/14 y 15\/9.<\/p>\n<p>&nbsp;<\/p>\n<p>Luego, en Semifinales derrotaron a Ferro de Tandil por 15\/9 y 17\/16 y en el \u00faltimo partido, vencieron a Las Panteras en un partido de muy buen nivel t\u00e9cnico por un apretad\u00edsimo 15\/13 y 17\/16.<\/p>\n<p>&nbsp;<\/p>\n<p><img data-recalc-dims=\"1\" loading=\"lazy\" decoding=\"async\" class=\"aligncenter size-full wp-image-31908\" src=\"https:\/\/i0.wp.com\/centraldeportes.com.ar\/wp-content\/uploads\/2023\/03\/newcom.jpeg?resize=800%2C600\" alt=\"\" width=\"800\" height=\"600\" \/><\/p>\n<p>&nbsp;<\/p>\n<p>El equipo estuvo compuesto por Daniel Prester, Juan Scrimizzi, Miguel Borghi, Gabriel Rosatto, Eduardo Gregorini, Claudio Miserentino, Luis Martel, Dora Merlo, Graciela Patern\u00f3, y Liliana Dom\u00ednguez, bajo la DT de la Profesora Mar\u00eda Ma\u00edz.<\/p>\n<p>&nbsp;<\/p>\n<p>Por otro lado, se organiz\u00f3 un encuentro regional +50 para el venidero s\u00e1bado en el gimnasio de Pueblo Nuevo desde las 9:00. Participar\u00e1n, Los Lobitos, Los Lobos, Olavarr\u00eda Newcom, Los Cardales de Gral. La Madrid, Los Serranos de Sierra de la Ventana y Trenque Lauquen.<\/p>\n","protected":false},"excerpt":{"rendered":"<p>El pasado domingo, el equipo de Los Lobos se adjudic\u00f3 en forma invicta y sin ceder ning\u00fan set en la<\/p>\n","protected":false},"author":96739694,"featured_media":153907,"comment_status":"closed","ping_status":"closed","sticky":false,"template":"","format":"standard","meta":{"_jetpack_memberships_contains_paid_content":false,"footnotes":""},"categories":[30,1],"tags":[],"class_list":["post-139300","post","type-post","status-publish","format-standard","has-post-thumbnail","hentry","category-polideportivo","category-portada"],"jetpack_featured_media_url":"https:\/\/i0.wp.com\/cdnoticias.com\/wp-content\/uploads\/2023\/03\/WhatsApp-Image-2023-03-13-at-15.12.35-1.jpeg?fit=1600%2C1022&ssl=1","jetpack_sharing_enabled":true,"_links":{"self":[{"href":"https:\/\/cdnoticias.com\/index.php\/wp-json\/wp\/v2\/posts\/139300","targetHints":{"allow":["GET"]}}],"collection":[{"href":"https:\/\/cdnoticias.com\/index.php\/wp-json\/wp\/v2\/posts"}],"about":[{"href":"https:\/\/cdnoticias.com\/index.php\/wp-json\/wp\/v2\/types\/post"}],"author":[{"embeddable":true,"href":"https:\/\/cdnoticias.com\/index.php\/wp-json\/wp\/v2\/users\/96739694"}],"replies":[{"embeddable":true,"href":"https:\/\/cdnoticias.com\/index.php\/wp-json\/wp\/v2\/comments?post=139300"}],"version-history":[{"count":0,"href":"https:\/\/cdnoticias.com\/index.php\/wp-json\/wp\/v2\/posts\/139300\/revisions"}],"wp:featuredmedia":[{"embeddable":true,"href":"https:\/\/cdnoticias.com\/index.php\/wp-json\/wp\/v2\/media\/153907"}],"wp:attachment":[{"href":"https:\/\/cdnoticias.com\/index.php\/wp-json\/wp\/v2\/media?parent=139300"}],"wp:term":[{"taxonomy":"category","embeddable":true,"href":"https:\/\/cdnoticias.com\/index.php\/wp-json\/wp\/v2\/categories?post=139300"},{"taxonomy":"post_tag","embeddable":true,"href":"https:\/\/cdnoticias.com\/index.php\/wp-json\/wp\/v2\/tags?post=139300"}],"curies":[{"name":"wp","href":"https:\/\/api.w.org\/{rel}","templated":true}]}}