{"id":139297,"date":"2023-03-13T14:47:01","date_gmt":"2023-03-13T17:47:01","guid":{"rendered":"http:\/\/centraldeportes.com.ar\/?p=31873"},"modified":"2025-02-11T13:28:34","modified_gmt":"2025-02-11T16:28:34","slug":"estudiantes-fue-campeon-en-santa-fe","status":"publish","type":"post","link":"https:\/\/cdnoticias.com\/index.php\/2023\/03\/13\/estudiantes-fue-campeon-en-santa-fe\/","title":{"rendered":"Estudiantes fue campe\u00f3n en Santa Fe"},"content":{"rendered":"<p>Durante todo el fin de semana dos equipos de v\u00f3ley del Club Estudiantes se presentaron en un Torneo Abierto y uno de los representantes locales fue campe\u00f3n.<!--more--><\/p>\n<hr \/>\n<p>El Torneo Abierto estuvo organizado por el Club Atl\u00e9tico Riberas de Paran\u00e1 y en Villa Constituci\u00f3n, Estudiantes Negro fue campe\u00f3n. Derrot\u00f3 por 2 a 0 a El Tala de Rosario en la Final de Oro.<\/p>\n<p>&nbsp;<\/p>\n<p>Adem\u00e1s, Federica Incaurgarat fue distinguida como mejor jugadora de la competencia.<\/p>\n<p>&nbsp;<\/p>\n<p>Por otra parte, el conjunto Blanco logr\u00f3 el cuarto puesto en la Copa de Oro, tras caer ante El Tala en semifinales.<\/p>\n","protected":false},"excerpt":{"rendered":"<p>Durante todo el fin de semana dos equipos de v\u00f3ley del Club Estudiantes se presentaron en un Torneo Abierto y<\/p>\n","protected":false},"author":96739694,"featured_media":153913,"comment_status":"closed","ping_status":"closed","sticky":false,"template":"","format":"standard","meta":{"_jetpack_memberships_contains_paid_content":false,"footnotes":""},"categories":[30,1],"tags":[],"class_list":["post-139297","post","type-post","status-publish","format-standard","has-post-thumbnail","hentry","category-polideportivo","category-portada"],"jetpack_featured_media_url":"https:\/\/i0.wp.com\/cdnoticias.com\/wp-content\/uploads\/2023\/03\/335444335_1579534499182024_2577404119913163825_n.jpg?fit=600%2C450&ssl=1","jetpack_sharing_enabled":true,"_links":{"self":[{"href":"https:\/\/cdnoticias.com\/index.php\/wp-json\/wp\/v2\/posts\/139297","targetHints":{"allow":["GET"]}}],"collection":[{"href":"https:\/\/cdnoticias.com\/index.php\/wp-json\/wp\/v2\/posts"}],"about":[{"href":"https:\/\/cdnoticias.com\/index.php\/wp-json\/wp\/v2\/types\/post"}],"author":[{"embeddable":true,"href":"https:\/\/cdnoticias.com\/index.php\/wp-json\/wp\/v2\/users\/96739694"}],"replies":[{"embeddable":true,"href":"https:\/\/cdnoticias.com\/index.php\/wp-json\/wp\/v2\/comments?post=139297"}],"version-history":[{"count":0,"href":"https:\/\/cdnoticias.com\/index.php\/wp-json\/wp\/v2\/posts\/139297\/revisions"}],"wp:featuredmedia":[{"embeddable":true,"href":"https:\/\/cdnoticias.com\/index.php\/wp-json\/wp\/v2\/media\/153913"}],"wp:attachment":[{"href":"https:\/\/cdnoticias.com\/index.php\/wp-json\/wp\/v2\/media?parent=139297"}],"wp:term":[{"taxonomy":"category","embeddable":true,"href":"https:\/\/cdnoticias.com\/index.php\/wp-json\/wp\/v2\/categories?post=139297"},{"taxonomy":"post_tag","embeddable":true,"href":"https:\/\/cdnoticias.com\/index.php\/wp-json\/wp\/v2\/tags?post=139297"}],"curies":[{"name":"wp","href":"https:\/\/api.w.org\/{rel}","templated":true}]}}