{"id":139292,"date":"2023-03-12T22:18:23","date_gmt":"2023-03-13T01:18:23","guid":{"rendered":"http:\/\/centraldeportes.com.ar\/?p=31818"},"modified":"2025-02-11T13:28:41","modified_gmt":"2025-02-11T16:28:41","slug":"volvio-el-ciclismo-a-la-pista-humberto-corradi","status":"publish","type":"post","link":"https:\/\/cdnoticias.com\/index.php\/2023\/03\/12\/volvio-el-ciclismo-a-la-pista-humberto-corradi\/","title":{"rendered":"Volvi\u00f3 el ciclismo a la pista \u201cHumberto Corradi\u201d"},"content":{"rendered":"<p>En la jornada del domingo volvi\u00f3 el ciclismo a la pista municipal \u201cHumberto Corradi\u201d y casi un centenar de ciclistas desafiaron a las altas temperaturas.<\/p>\n<p><!--more--><\/p>\n<hr \/>\n<p>Realizando un minuto de silencio en memoria de Sof\u00eda Vicente, hermana de un competidor, se llev\u00f3 a cabo el primer festival de ciclismo del 2023 organizado por la Uni\u00f3n de Ciclista Olavarrienses.<\/p>\n<p>&nbsp;<\/p>\n<p>En la categor\u00eda principal, William Brun fue el ganador y en la categor\u00eda Infantiles participaron Oriana Ponte, Brenda Galv\u00e1n, Juana Olalde, Ignacio Leguizam\u00f3n y Alma Di Martino.<\/p>\n<p>&nbsp;<\/p>\n<p>[soliloquy id=&#8221;31754&#8243;]<\/p>\n<p>&nbsp;<\/p>\n<p>Los resultados:<\/p>\n<p>&nbsp;<\/p>\n<p>Mayores de 40<br \/>\n1\u00b0 Luciano Ferro<br \/>\n2\u00b0 Andr\u00e9s Gallo<br \/>\n3\u00b0 Mat\u00edas Garaci<br \/>\n4\u00b0 Fernando Arias<br \/>\n5\u00b0 Leandro Dastugue<\/p>\n<p>Menores de 40<br \/>\n1\u00b0 Iago Sayago<br \/>\n2\u00b0 Alonso Sayago<br \/>\n3\u00b0 Mat\u00edas Aguirre<br \/>\n4\u00b0 Dami\u00e1n Sal\u00edas<br \/>\n5\u00b0 Luciano Utzet<\/p>\n<p>M\u00e1ster D<br \/>\n1\u00b0 Miguel D\u00edaz<br \/>\n2\u00b0 Francisco Posse<br \/>\n3\u00b0 Ra\u00fal Dezi<br \/>\n4\u00b0 Miguel Battista<br \/>\n5\u00b0 Roberto Hern\u00e1ndez<\/p>\n<p>Damas<br \/>\n1\u00b0 Ludmila Posse<br \/>\n2\u00b0 Lucrecia Hern\u00e1ndez<br \/>\n3\u00b0 Lorena Vega<br \/>\n4\u00b0 Luj\u00e1n Barra<br \/>\n5\u00b0 Cielo Randazzo<\/p>\n<p>M\u00e1ster C<br \/>\n1\u00b0 Oscar Valetutto<br \/>\n2\u00b0 Carlos Piazza<br \/>\n3\u00b0 Rafael Erripa<br \/>\n4\u00b0 Carlos Pueblas<br \/>\n5\u00b0 Walter Benito<\/p>\n<p>M\u00e1ster B<br \/>\n1\u00b0 Marcos Sosa<br \/>\n2\u00b0 Sergio Sequeira<br \/>\n3\u00b0 Francisco Posse<br \/>\n4\u00b0 Federico G\u00f3mez<br \/>\n5\u00b0 Esteban Roldan<br \/>\n6 Adri\u00e1n Salguero<\/p>\n<p>Libre<br \/>\n1\u00b0 William Brun<br \/>\n2\u00b0 Federico Brun<br \/>\n3\u00b0 Mariano Erripa<br \/>\n4\u00b0 Facundo Dumerauf<br \/>\n5\u00b0 Braian D\u00edaz<\/p>\n","protected":false},"excerpt":{"rendered":"<p>En la jornada del domingo volvi\u00f3 el ciclismo a la pista municipal \u201cHumberto Corradi\u201d y casi un centenar de ciclistas<\/p>\n","protected":false},"author":96739694,"featured_media":153926,"comment_status":"closed","ping_status":"closed","sticky":false,"template":"","format":"standard","meta":{"_jetpack_memberships_contains_paid_content":false,"footnotes":""},"categories":[30,1],"tags":[],"class_list":["post-139292","post","type-post","status-publish","format-standard","has-post-thumbnail","hentry","category-polideportivo","category-portada"],"jetpack_featured_media_url":"https:\/\/i0.wp.com\/cdnoticias.com\/wp-content\/uploads\/2023\/03\/ciclismo-2.jpeg?fit=1280%2C853&ssl=1","jetpack_sharing_enabled":true,"_links":{"self":[{"href":"https:\/\/cdnoticias.com\/index.php\/wp-json\/wp\/v2\/posts\/139292","targetHints":{"allow":["GET"]}}],"collection":[{"href":"https:\/\/cdnoticias.com\/index.php\/wp-json\/wp\/v2\/posts"}],"about":[{"href":"https:\/\/cdnoticias.com\/index.php\/wp-json\/wp\/v2\/types\/post"}],"author":[{"embeddable":true,"href":"https:\/\/cdnoticias.com\/index.php\/wp-json\/wp\/v2\/users\/96739694"}],"replies":[{"embeddable":true,"href":"https:\/\/cdnoticias.com\/index.php\/wp-json\/wp\/v2\/comments?post=139292"}],"version-history":[{"count":0,"href":"https:\/\/cdnoticias.com\/index.php\/wp-json\/wp\/v2\/posts\/139292\/revisions"}],"wp:featuredmedia":[{"embeddable":true,"href":"https:\/\/cdnoticias.com\/index.php\/wp-json\/wp\/v2\/media\/153926"}],"wp:attachment":[{"href":"https:\/\/cdnoticias.com\/index.php\/wp-json\/wp\/v2\/media?parent=139292"}],"wp:term":[{"taxonomy":"category","embeddable":true,"href":"https:\/\/cdnoticias.com\/index.php\/wp-json\/wp\/v2\/categories?post=139292"},{"taxonomy":"post_tag","embeddable":true,"href":"https:\/\/cdnoticias.com\/index.php\/wp-json\/wp\/v2\/tags?post=139292"}],"curies":[{"name":"wp","href":"https:\/\/api.w.org\/{rel}","templated":true}]}}