{"id":139291,"date":"2023-03-12T22:19:11","date_gmt":"2023-03-13T01:19:11","guid":{"rendered":"http:\/\/centraldeportes.com.ar\/?p=31813"},"modified":"2025-02-11T13:28:40","modified_gmt":"2025-02-11T16:28:40","slug":"el-fortin-lo-dio-vuelta-y-se-quedo-con-el-clasico","status":"publish","type":"post","link":"https:\/\/cdnoticias.com\/index.php\/2023\/03\/12\/el-fortin-lo-dio-vuelta-y-se-quedo-con-el-clasico\/","title":{"rendered":"El Fort\u00edn lo dio vuelta y se qued\u00f3 con el cl\u00e1sico"},"content":{"rendered":"<p>El \u201cFortinero\u201d le gan\u00f3 2 a 1 a Ferro en su casa y se qued\u00f3 con una nueva edici\u00f3n del \u201cCl\u00e1sico del Riel\u201d. Tercer triunfo al hilo para los de Fabricio Torres que, con este triunfo, son los \u00fanicos l\u00edderes de la Zona 3. Hubo serios incidentes entre hinchas a la salida del estadio.<!--more--><\/p>\n<hr \/>\n<p>En una jornada de mucho calor en la ciudad, la <strong>continuidad del Torneo Interligas<\/strong> contextualiz\u00f3 en la tarde de este domingo una <strong>nueva edici\u00f3n del \u201cCl\u00e1sico del Riel<\/strong> como el atractivo de la fecha. All\u00ed, <strong>en el estadio Ricardo S\u00e1nchez, El Fort\u00edn<\/strong>, que ven\u00eda de ganar en Bol\u00edvar,<strong> recibi\u00f3 a Ferro<\/strong> para disputar el duelo correspondiente a la <strong>3\u00b0 cita de la Zona 3<\/strong>.<\/p>\n<p>&nbsp;<\/p>\n<p>Fue un atractivo enfrentamiento, aunque por momentos tuvo lagunas donde ambos se repartieron el bal\u00f3n y no pas\u00f3 nada. El \u201cCarbonero\u201d lo ganaba con gol de <strong>Diego San Juli\u00e1n<\/strong>, pero los de Fabricio Torres lo empataron enseguida por medio de <strong>Marcos Bonavetti<\/strong> y lo revirtieron a la media hora del complemento con el gol<strong> Enzo Bonavetti<\/strong> <strong>para el 2 a 1 definitivo<\/strong>.<\/p>\n<p>&nbsp;<\/p>\n<p>Sin embargo, el color que dej\u00f3 lo mostrado en el terreno de juego se desti\u00f1\u00f3 a la salida del estadio donde<a href=\"https:\/\/cdnoticias.com\/una-persona-herida-en-los-incidentes-post-clasico-del-riel\/\"> hubo incidentes entre miembros de ambas parcialidades<\/a>, que termin\u00f3 con un simpatizante herido por arma blanca.<\/p>\n<p>&nbsp;<\/p>\n<h6><strong>El partido, los detalles<\/strong><\/h6>\n<p>&nbsp;<\/p>\n<p>T\u00edmidamente iniciaron las acciones en el Ricardo S\u00e1nchez. Les llev\u00f3 casi 20 minutos en acomodarse en el terreno de juego y adaptarse a la alta temperatura que hizo durante la jornada. Asimismo, la primera clara del encuentro lleg\u00f3 a los 16\u2019 por medio de Ponce, que tuvo la chance para abrir el marcador pero defini\u00f3 marcado y le hizo m\u00e1s f\u00e1cil la atajada a Piecenti.<\/p>\n<p>&nbsp;<\/p>\n<p>Un minuto despu\u00e9s, en el siguiente avance \u201cFortinero\u201d, Marcos Bonavetti cay\u00f3 dentro del \u00e1rea y ni el \u00e1rbitro principal ni el Asistente N\u00b0 1 advirtieron la acci\u00f3n. Era claro penal para El Fort\u00edn. No obstante, en la primera peligrosa que tuvo de pelota parada, lleg\u00f3 la apertura del marcador para el \u201cCarbonero\u201d.<strong> Luego de un c\u00f3rner, Enzo Su\u00e1rez la baj\u00f3 de cabeza y por la misma v\u00eda empuj\u00f3 Diego San Juli\u00e1n, quien anticip\u00f3 a Peralta y puso a Ferro 1 a 0 a los 28\u2019<\/strong>.<\/p>\n<p>&nbsp;<\/p>\n<p>[soliloquy id=&#8221;31786&#8243;]<\/p>\n<p>&nbsp;<\/p>\n<p>A pesar de dicha acci\u00f3n, tres minutos despu\u00e9s lleg\u00f3 la paridad. Iban 31\u2019 en el reloj cuando<strong> Ponce, desde el sector derecho, envi\u00f3 un hermoso centro medido para Marcos Bonavetti y \u00e9ste sac\u00f3 un cabezazo esquinado imposible para Piecenti en el 1 a 1 de El Fort\u00edn<\/strong>.<\/p>\n<p>&nbsp;<\/p>\n<h6><strong>Creci\u00f3 el local despu\u00e9s del empate<\/strong><\/h6>\n<p>Lo hizo en el juego, teniendo m\u00e1s la pelota producto de la buena labor en la mitad de la cancha. En el minuto 38\u2019, Tamagnini le sac\u00f3 sobre la l\u00ednea el gol a Ponce \u00a0y a los 40\u2019 Piecenti, a mano cambiada, le tap\u00f3 un disparo desde el v\u00e9rtice izquierdo del \u00e1rea a Benito.<\/p>\n<p>&nbsp;<\/p>\n<h6>Segundo tiempo<\/h6>\n<p>&nbsp;<\/p>\n<p>En l\u00edneas generales, comparado al primero, la etapa complementaria fue un poco m\u00e1s floja. A\u00fan as\u00ed, a los 52\u2019, Junger pein\u00f3 un bal\u00f3n de ejecuci\u00f3n detenida y el esf\u00e9rico pas\u00f3 cerca del palo izquierdo. Para colmo, un minuto m\u00e1s tarde, los de Senzacqua se iban a quedar con 10 hombres por la expulsi\u00f3n de Campos por doble amonestaci\u00f3n.<\/p>\n<p>&nbsp;<\/p>\n<p>Tiempo despu\u00e9s, el cl\u00e1sico entr\u00f3 en una meseta y es por eso que ambos conjuntos empezaron a mover el banco en b\u00fasqueda de frescura y variantes dentro del campo de juego.<\/p>\n<p>&nbsp;<\/p>\n<h6><strong>Los Bonavetti le dieron la alegr\u00eda al pueblo \u201cFortinero\u201d<\/strong><\/h6>\n<p>Esta vez concret\u00f3 el hermano menor cuando corr\u00edan 76\u2019. Luego de un env\u00edo a zona de peligro,<strong> la pelota qued\u00f3 muerta tras pegar en la espalda de Emiliano Piecenti y enseguida piso el \u00e1rea Enzo Bonavetti, quien sac\u00f3 un potente remate que termin\u00f3 en el fondo de arco<\/strong> y marc\u00f3 el segundo de la tarde para el 2 a 1 definitivo.<\/p>\n<p>&nbsp;<\/p>\n<p><strong>S\u00edntesis El Fort\u00edn \u2013 Ferro Carril Sud: \u00a0<\/strong><\/p>\n<p><strong>El Fort\u00edn (2):<\/strong> Franco Peralta; Emanuel T\u00e9ves, Hugo Larregina, Enzo Barrientos, Cristian Echarri; Marcos Bonavetti (E. Bonavetti), Bernardo Junger, Gustavo Tolosa, Paulo Ponce (Y. Gonz\u00e1lez); Emiliano Piecenti y Leonardo Benito (S. Rodr\u00edguez). DT: Fabricio Torres.<\/p>\n<p><strong>Ferro Carril Sud (1): <\/strong>Facundo Piecenti; Santiago S\u00e1enz Buruaga (T. Lindner), Enzo Su\u00e1rez, Alan Ben\u00edtez (M. Herrera), Mateo Tamagnini; Hilario Blanco (D. Schwindt), Diego San Juli\u00e1n (M. Gargaglione), Jonathan Campos, Rodrigo Garro; Emmanuel Sbardolini y Gervasio Pelaytay (S. Alonso). DT: Gabriel Senzacqua.<\/p>\n<p><strong>Goles<\/strong>: 28m. PT Diego San Juli\u00e1n (FCS); 31m. PT Marcos Bonavetti (EF) y 31m. ST Enzo Bonavetti (EF).<\/p>\n<p><strong>Amonestados<\/strong>: Echarri, T\u00e9ves, E. Piecenti, Benito y E. Bonavetti (El Fort\u00edn); Ben\u00edtez, Pelaytay, Lindner y Schwindt (Ferro).<\/p>\n<p><strong>Expulsados<\/strong>: 8m. ST Jonathan Campos (FCS) y 48m. ST Gabriel Senzacqua \u2013 DT (FCS).<\/p>\n<p><strong>\u00c1rbitro<\/strong>: Nicol\u00e1s Moreno. <strong>Estadio<\/strong>: Ricardo S\u00e1nchez.<\/p>\n<p><strong>Reserva:<\/strong> El Fort\u00edn 0 \u2013 3 Ferro.<\/p>\n","protected":false},"excerpt":{"rendered":"<p>El \u201cFortinero\u201d le gan\u00f3 2 a 1 a Ferro en su casa y se qued\u00f3 con una nueva edici\u00f3n del<\/p>\n","protected":false},"author":96739694,"featured_media":153924,"comment_status":"closed","ping_status":"closed","sticky":false,"template":"","format":"standard","meta":{"_jetpack_memberships_contains_paid_content":false,"footnotes":""},"categories":[35,1,41],"tags":[],"class_list":["post-139291","post","type-post","status-publish","format-standard","has-post-thumbnail","hentry","category-futbol","category-portada","category-primera-y-reserva"],"jetpack_featured_media_url":"https:\/\/i0.wp.com\/cdnoticias.com\/wp-content\/uploads\/2023\/03\/fortin-ferro-12.jpeg?fit=1280%2C835&ssl=1","jetpack_sharing_enabled":true,"_links":{"self":[{"href":"https:\/\/cdnoticias.com\/index.php\/wp-json\/wp\/v2\/posts\/139291","targetHints":{"allow":["GET"]}}],"collection":[{"href":"https:\/\/cdnoticias.com\/index.php\/wp-json\/wp\/v2\/posts"}],"about":[{"href":"https:\/\/cdnoticias.com\/index.php\/wp-json\/wp\/v2\/types\/post"}],"author":[{"embeddable":true,"href":"https:\/\/cdnoticias.com\/index.php\/wp-json\/wp\/v2\/users\/96739694"}],"replies":[{"embeddable":true,"href":"https:\/\/cdnoticias.com\/index.php\/wp-json\/wp\/v2\/comments?post=139291"}],"version-history":[{"count":0,"href":"https:\/\/cdnoticias.com\/index.php\/wp-json\/wp\/v2\/posts\/139291\/revisions"}],"wp:featuredmedia":[{"embeddable":true,"href":"https:\/\/cdnoticias.com\/index.php\/wp-json\/wp\/v2\/media\/153924"}],"wp:attachment":[{"href":"https:\/\/cdnoticias.com\/index.php\/wp-json\/wp\/v2\/media?parent=139291"}],"wp:term":[{"taxonomy":"category","embeddable":true,"href":"https:\/\/cdnoticias.com\/index.php\/wp-json\/wp\/v2\/categories?post=139291"},{"taxonomy":"post_tag","embeddable":true,"href":"https:\/\/cdnoticias.com\/index.php\/wp-json\/wp\/v2\/tags?post=139291"}],"curies":[{"name":"wp","href":"https:\/\/api.w.org\/{rel}","templated":true}]}}