{"id":139281,"date":"2023-03-11T16:26:30","date_gmt":"2023-03-11T19:26:30","guid":{"rendered":"http:\/\/centraldeportes.com.ar\/?p=31673"},"modified":"2025-02-11T13:29:02","modified_gmt":"2025-02-11T16:29:02","slug":"se-presento-la-nueva-edicion-del-cerro-largo-trail","status":"publish","type":"post","link":"https:\/\/cdnoticias.com\/index.php\/2023\/03\/11\/se-presento-la-nueva-edicion-del-cerro-largo-trail\/","title":{"rendered":"Se present\u00f3 la nueva edici\u00f3n del \u201cCerro Largo Trail\u201d"},"content":{"rendered":"<p>En el Sal\u00f3n Blanco del Palacio Municipal se llev\u00f3 a cabo la presentaci\u00f3n de la camiseta oficial de la Cerro Largo Trail, la prueba que durante los d\u00edas 18 y 19 de marzo se disputar\u00e1 en Sierras Bayas, con el acompa\u00f1amiento de la Municipalidad de Olavarr\u00eda.<!--more--><\/p>\n<hr \/>\n<p>Fue por ello que el secretario de Desarrollo Humano y Calidad de Vida y el director de Gesti\u00f3n Deportiva Oscar Gonz\u00e1lez se reunieron con Alejandro Luchini, uno de los organizadores de la competencia que contempla varias distancias, por lo que los atletas podr\u00e1n elegir en cu\u00e1l prueba participar.<\/p>\n<p>&nbsp;<\/p>\n<p>En ese sentido, se detall\u00f3 que la prueba central ser\u00e1 la Trail Cerro Largo XL, que cuenta con un trazado de 21 kil\u00f3metros, que ser\u00e1n cubiertos entre la noche del s\u00e1bado y la ma\u00f1ana del domingo.<\/p>\n<p>&nbsp;<\/p>\n<p>El domingo 19 de marzo ser\u00e1 tambi\u00e9n la jornada en la que se llevar\u00e1n la Trail Short (de 10k y 5k) y la prueba kids, de 3 kil\u00f3metros.<\/p>\n<p>&nbsp;<\/p>\n<p>Las personas interesadas en competir podr\u00e1n inscribirse a trav\u00e9s del sitio web del CAVO, el Circulo de Atletas Veteranos de Olavarr\u00eda, que adem\u00e1s fiscalizar\u00e1 la competencia.<\/p>\n","protected":false},"excerpt":{"rendered":"<p>En el Sal\u00f3n Blanco del Palacio Municipal se llev\u00f3 a cabo la presentaci\u00f3n de la camiseta oficial de la Cerro<\/p>\n","protected":false},"author":96739694,"featured_media":153959,"comment_status":"closed","ping_status":"closed","sticky":false,"template":"","format":"standard","meta":{"_jetpack_memberships_contains_paid_content":false,"footnotes":""},"categories":[38,1],"tags":[],"class_list":["post-139281","post","type-post","status-publish","format-standard","has-post-thumbnail","hentry","category-pedestrismo","category-portada"],"jetpack_featured_media_url":"https:\/\/i0.wp.com\/cdnoticias.com\/wp-content\/uploads\/2023\/03\/Deportes-Anuncio-Cerro-Largo-Trail-1024x683.jpg?fit=1024%2C683&ssl=1","jetpack_sharing_enabled":true,"_links":{"self":[{"href":"https:\/\/cdnoticias.com\/index.php\/wp-json\/wp\/v2\/posts\/139281","targetHints":{"allow":["GET"]}}],"collection":[{"href":"https:\/\/cdnoticias.com\/index.php\/wp-json\/wp\/v2\/posts"}],"about":[{"href":"https:\/\/cdnoticias.com\/index.php\/wp-json\/wp\/v2\/types\/post"}],"author":[{"embeddable":true,"href":"https:\/\/cdnoticias.com\/index.php\/wp-json\/wp\/v2\/users\/96739694"}],"replies":[{"embeddable":true,"href":"https:\/\/cdnoticias.com\/index.php\/wp-json\/wp\/v2\/comments?post=139281"}],"version-history":[{"count":0,"href":"https:\/\/cdnoticias.com\/index.php\/wp-json\/wp\/v2\/posts\/139281\/revisions"}],"wp:featuredmedia":[{"embeddable":true,"href":"https:\/\/cdnoticias.com\/index.php\/wp-json\/wp\/v2\/media\/153959"}],"wp:attachment":[{"href":"https:\/\/cdnoticias.com\/index.php\/wp-json\/wp\/v2\/media?parent=139281"}],"wp:term":[{"taxonomy":"category","embeddable":true,"href":"https:\/\/cdnoticias.com\/index.php\/wp-json\/wp\/v2\/categories?post=139281"},{"taxonomy":"post_tag","embeddable":true,"href":"https:\/\/cdnoticias.com\/index.php\/wp-json\/wp\/v2\/tags?post=139281"}],"curies":[{"name":"wp","href":"https:\/\/api.w.org\/{rel}","templated":true}]}}