{"id":139275,"date":"2023-03-10T21:31:13","date_gmt":"2023-03-11T00:31:13","guid":{"rendered":"http:\/\/centraldeportes.com.ar\/?p=31601"},"modified":"2025-02-11T13:27:16","modified_gmt":"2025-02-11T16:27:16","slug":"maff-2023-se-jugo-el-pro-am-este-viernes-y-cristian-peralta-gano-en-profesionales","status":"publish","type":"post","link":"https:\/\/cdnoticias.com\/index.php\/2023\/03\/10\/maff-2023-se-jugo-el-pro-am-este-viernes-y-cristian-peralta-gano-en-profesionales\/","title":{"rendered":"MAFF 2023: Se jug\u00f3 el PRO-AM este viernes y Cristian Peralta gan\u00f3 en Profesionales"},"content":{"rendered":"<p>Comenz\u00f3 el gran torneo MAFF 2023 en su und\u00e9cima edici\u00f3n y este viernes se jug\u00f3 la tradicional laguneada de reconocimiento de cancha y en la Categor\u00eda de Profesionales el ganador fue el local Cristian Peralta.<\/p>\n<p><!--more--><\/p>\n<hr \/>\n<p>El golfista olavarriense que se impuso en los 18 hoyos con 65 golpes, logr\u00f3 una amplia ventaja sobre el segundo que fue Juan Posse.<\/p>\n<p>&nbsp;<\/p>\n<p>En lo que respecta a equipos aficionados, el tridente de los Ben\u00edtez m\u00e1s Cristian Peralta se qued\u00f3 con el primer puesto en desempate autom\u00e1tico de la Categor\u00eda \u00danica.<\/p>\n<p>&nbsp;<\/p>\n<p>Resultados PRO-AM viernes:<br \/>\nProfesionales:<br \/>\n1\u00b0: Cristian Peralta con 65 golpes<br \/>\n2\u00b0: Juan I. Posse con 71 golpes<\/p>\n<p>&nbsp;<\/p>\n<p>Equipos Categor\u00eda \u00danica:<br \/>\n1\u00b0: Germ\u00e1n Ben\u00edtez \u2013 V\u00edctor Ben\u00edtez \u2013 Sergio Ben\u00edtez \u2013 Cristian Peralta (Pro) con 55 golpes<br \/>\n2\u00b0: Sebasti\u00e1n Risso \u2013 Jos\u00e9 Vigo \u2013 Juan S. Vigo \u2013 Federico Savisky con 55 golpes<br \/>\n3\u00b0: Emiliano Gonz\u00e1lez \u2013 Juan M. Fern\u00e1ndez \u2013 Ignacio Iturregui \u2013 Bernardo Ressia con 57 golpes<\/p>\n<p>&nbsp;<\/p>\n<p>Este s\u00e1bado comenzar\u00e1n los primeros 18 hoyos en una jornada que empezar\u00e1 bien temprano ya que a partir de las 8:00 hs largar\u00e1n los Profesionales desde el hoyo 10 y el resto lo har\u00e1 desde el hoyo 1 desde las 7:50 hs.<\/p>\n","protected":false},"excerpt":{"rendered":"<p>Comenz\u00f3 el gran torneo MAFF 2023 en su und\u00e9cima edici\u00f3n y este viernes se jug\u00f3 la tradicional laguneada de reconocimiento<\/p>\n","protected":false},"author":96739694,"featured_media":153857,"comment_status":"closed","ping_status":"closed","sticky":false,"template":"","format":"standard","meta":{"_jetpack_memberships_contains_paid_content":false,"footnotes":""},"categories":[30,1],"tags":[],"class_list":["post-139275","post","type-post","status-publish","format-standard","has-post-thumbnail","hentry","category-polideportivo","category-portada"],"jetpack_featured_media_url":"https:\/\/i0.wp.com\/cdnoticias.com\/wp-content\/uploads\/2023\/03\/WhatsApp-Image-2023-03-10-at-21.30.45.jpeg?fit=1600%2C1059&ssl=1","jetpack_sharing_enabled":true,"_links":{"self":[{"href":"https:\/\/cdnoticias.com\/index.php\/wp-json\/wp\/v2\/posts\/139275","targetHints":{"allow":["GET"]}}],"collection":[{"href":"https:\/\/cdnoticias.com\/index.php\/wp-json\/wp\/v2\/posts"}],"about":[{"href":"https:\/\/cdnoticias.com\/index.php\/wp-json\/wp\/v2\/types\/post"}],"author":[{"embeddable":true,"href":"https:\/\/cdnoticias.com\/index.php\/wp-json\/wp\/v2\/users\/96739694"}],"replies":[{"embeddable":true,"href":"https:\/\/cdnoticias.com\/index.php\/wp-json\/wp\/v2\/comments?post=139275"}],"version-history":[{"count":0,"href":"https:\/\/cdnoticias.com\/index.php\/wp-json\/wp\/v2\/posts\/139275\/revisions"}],"wp:featuredmedia":[{"embeddable":true,"href":"https:\/\/cdnoticias.com\/index.php\/wp-json\/wp\/v2\/media\/153857"}],"wp:attachment":[{"href":"https:\/\/cdnoticias.com\/index.php\/wp-json\/wp\/v2\/media?parent=139275"}],"wp:term":[{"taxonomy":"category","embeddable":true,"href":"https:\/\/cdnoticias.com\/index.php\/wp-json\/wp\/v2\/categories?post=139275"},{"taxonomy":"post_tag","embeddable":true,"href":"https:\/\/cdnoticias.com\/index.php\/wp-json\/wp\/v2\/tags?post=139275"}],"curies":[{"name":"wp","href":"https:\/\/api.w.org\/{rel}","templated":true}]}}