{"id":139274,"date":"2023-03-10T20:17:40","date_gmt":"2023-03-10T23:17:40","guid":{"rendered":"http:\/\/centraldeportes.com.ar\/?p=31597"},"modified":"2025-02-11T13:27:19","modified_gmt":"2025-02-11T16:27:19","slug":"bochas-daniel-serantes-jugara-el-torneo-provincial","status":"publish","type":"post","link":"https:\/\/cdnoticias.com\/index.php\/2023\/03\/10\/bochas-daniel-serantes-jugara-el-torneo-provincial\/","title":{"rendered":"Bochas: Daniel Serantes jugar\u00e1 el Torneo Provincial"},"content":{"rendered":"<p>Entre s\u00e1bado y domingo, se llev\u00f3 a cabo el Torneo Selectivo de Segunda Categor\u00eda y Daniel Serantes gan\u00f3 la definici\u00f3n para participar del Campeonato Provincial.<!--more--><\/p>\n<hr \/>\n<p>Daniel Serantes, 63 a\u00f1os de edad, ser\u00e1 el representante de la Asociaci\u00f3n de Bochas Ciudad de Olavarr\u00eda en el Torneo Provincial tras vencer en la Final a Gast\u00f3n Tisera por 12 a 8.<\/p>\n<p>&nbsp;<\/p>\n<p>La definici\u00f3n jugada en las canchas del Club El Fort\u00edn enfrent\u00f3 a dos representantes del \u201cLe\u00f3n Serrano\u201d y fue el experimentado ex jugador de Fort\u00edn Tradicionalista el que viajar\u00e1 a Bah\u00eda Blanca a ser parte de la competencia provincial que se llevar\u00e1 a cabo el venidero fin de semana.<\/p>\n","protected":false},"excerpt":{"rendered":"<p>Entre s\u00e1bado y domingo, se llev\u00f3 a cabo el Torneo Selectivo de Segunda Categor\u00eda y Daniel Serantes gan\u00f3 la definici\u00f3n<\/p>\n","protected":false},"author":96739694,"featured_media":153861,"comment_status":"closed","ping_status":"closed","sticky":false,"template":"","format":"standard","meta":{"_jetpack_memberships_contains_paid_content":false,"footnotes":""},"categories":[30,1],"tags":[],"class_list":["post-139274","post","type-post","status-publish","format-standard","has-post-thumbnail","hentry","category-polideportivo","category-portada"],"jetpack_featured_media_url":"https:\/\/i0.wp.com\/cdnoticias.com\/wp-content\/uploads\/2023\/03\/220-2-e1678490255653.jpg?fit=1267%2C825&ssl=1","jetpack_sharing_enabled":true,"_links":{"self":[{"href":"https:\/\/cdnoticias.com\/index.php\/wp-json\/wp\/v2\/posts\/139274","targetHints":{"allow":["GET"]}}],"collection":[{"href":"https:\/\/cdnoticias.com\/index.php\/wp-json\/wp\/v2\/posts"}],"about":[{"href":"https:\/\/cdnoticias.com\/index.php\/wp-json\/wp\/v2\/types\/post"}],"author":[{"embeddable":true,"href":"https:\/\/cdnoticias.com\/index.php\/wp-json\/wp\/v2\/users\/96739694"}],"replies":[{"embeddable":true,"href":"https:\/\/cdnoticias.com\/index.php\/wp-json\/wp\/v2\/comments?post=139274"}],"version-history":[{"count":0,"href":"https:\/\/cdnoticias.com\/index.php\/wp-json\/wp\/v2\/posts\/139274\/revisions"}],"wp:featuredmedia":[{"embeddable":true,"href":"https:\/\/cdnoticias.com\/index.php\/wp-json\/wp\/v2\/media\/153861"}],"wp:attachment":[{"href":"https:\/\/cdnoticias.com\/index.php\/wp-json\/wp\/v2\/media?parent=139274"}],"wp:term":[{"taxonomy":"category","embeddable":true,"href":"https:\/\/cdnoticias.com\/index.php\/wp-json\/wp\/v2\/categories?post=139274"},{"taxonomy":"post_tag","embeddable":true,"href":"https:\/\/cdnoticias.com\/index.php\/wp-json\/wp\/v2\/tags?post=139274"}],"curies":[{"name":"wp","href":"https:\/\/api.w.org\/{rel}","templated":true}]}}