{"id":139266,"date":"2023-03-10T10:50:37","date_gmt":"2023-03-10T13:50:37","guid":{"rendered":"http:\/\/centraldeportes.com.ar\/?p=31565"},"modified":"2025-02-11T13:27:46","modified_gmt":"2025-02-11T16:27:46","slug":"boxeadoras-de-barragan-box-dieron-una-charla-por-el-8m","status":"publish","type":"post","link":"https:\/\/cdnoticias.com\/index.php\/2023\/03\/10\/boxeadoras-de-barragan-box-dieron-una-charla-por-el-8m\/","title":{"rendered":"Boxeadoras de Barrag\u00e1n Box dieron una charla por el #8M"},"content":{"rendered":"<p>Lorena Agoutborde y Rosa Berm\u00fadez se presentaron d\u00edas atr\u00e1s en el Colegio San Antonio y brindaron una charla en el marco de las actividades del #8M que organiza la entidad educativa a lo largo del mes de marzo.<\/p>\n<p><!--more--><\/p>\n<hr \/>\n<p>La actividad estuvo organizada por la trabajadora social Gabriela Bricka, la bibliotecaria Ximena Juliano y Raquel Galli, Vice-Directora del establecimiento y cont\u00f3 con el apoyo de la Comisi\u00f3n Municipal de Box.<\/p>\n<p>&nbsp;<\/p>\n<p>El pasado martes, Lorena Agoutborde, Rosa Berm\u00fadez, Silvia Herrera y Jennifer Ortega se presentaron ante alumnos y alumnas de cuarto y quinto grado del colegio privado y hablaron sobre el rol de la mujer el deporte y el lugar que tienen dentro del boxeo nacional. Tambi\u00e9n opinaron sobre su rol dirigencial.<\/p>\n<p>&nbsp;<\/p>\n<p>Las representantes de Barrag\u00e1n Box fueron invitadas especialmente para la ocasi\u00f3n y brindaron experiencias personales, firmaron aut\u00f3grafos y se fotografiaron con los presentes.<\/p>\n","protected":false},"excerpt":{"rendered":"<p>Lorena Agoutborde y Rosa Berm\u00fadez se presentaron d\u00edas atr\u00e1s en el Colegio San Antonio y brindaron una charla en el<\/p>\n","protected":false},"author":96739694,"featured_media":153898,"comment_status":"closed","ping_status":"closed","sticky":false,"template":"","format":"standard","meta":{"_jetpack_memberships_contains_paid_content":false,"footnotes":""},"categories":[30,1],"tags":[],"class_list":["post-139266","post","type-post","status-publish","format-standard","has-post-thumbnail","hentry","category-polideportivo","category-portada"],"jetpack_featured_media_url":"https:\/\/i0.wp.com\/cdnoticias.com\/wp-content\/uploads\/2023\/03\/WhatsApp-Image-2023-03-09-at-20.40.30-e1678456228886-1.jpeg?fit=584%2C324&ssl=1","jetpack_sharing_enabled":true,"_links":{"self":[{"href":"https:\/\/cdnoticias.com\/index.php\/wp-json\/wp\/v2\/posts\/139266","targetHints":{"allow":["GET"]}}],"collection":[{"href":"https:\/\/cdnoticias.com\/index.php\/wp-json\/wp\/v2\/posts"}],"about":[{"href":"https:\/\/cdnoticias.com\/index.php\/wp-json\/wp\/v2\/types\/post"}],"author":[{"embeddable":true,"href":"https:\/\/cdnoticias.com\/index.php\/wp-json\/wp\/v2\/users\/96739694"}],"replies":[{"embeddable":true,"href":"https:\/\/cdnoticias.com\/index.php\/wp-json\/wp\/v2\/comments?post=139266"}],"version-history":[{"count":0,"href":"https:\/\/cdnoticias.com\/index.php\/wp-json\/wp\/v2\/posts\/139266\/revisions"}],"wp:featuredmedia":[{"embeddable":true,"href":"https:\/\/cdnoticias.com\/index.php\/wp-json\/wp\/v2\/media\/153898"}],"wp:attachment":[{"href":"https:\/\/cdnoticias.com\/index.php\/wp-json\/wp\/v2\/media?parent=139266"}],"wp:term":[{"taxonomy":"category","embeddable":true,"href":"https:\/\/cdnoticias.com\/index.php\/wp-json\/wp\/v2\/categories?post=139266"},{"taxonomy":"post_tag","embeddable":true,"href":"https:\/\/cdnoticias.com\/index.php\/wp-json\/wp\/v2\/tags?post=139266"}],"curies":[{"name":"wp","href":"https:\/\/api.w.org\/{rel}","templated":true}]}}