{"id":139264,"date":"2023-03-09T21:20:29","date_gmt":"2023-03-10T00:20:29","guid":{"rendered":"http:\/\/centraldeportes.com.ar\/?p=31551"},"modified":"2025-02-11T13:21:04","modified_gmt":"2025-02-11T16:21:04","slug":"ruben-tarasco-haber-ganado-el-clasico-nos-va-a-dar-un-buen-impulso","status":"publish","type":"post","link":"https:\/\/cdnoticias.com\/index.php\/2023\/03\/09\/ruben-tarasco-haber-ganado-el-clasico-nos-va-a-dar-un-buen-impulso\/","title":{"rendered":"Rub\u00e9n Tarasco: \u201cHaber ganado el cl\u00e1sico nos va a dar un buen impulso\u201d"},"content":{"rendered":"<p>Declar\u00f3 el autor del \u00fanico tanto en la victoria de Racing frente a Estudiantes por la 2\u00b0 fecha de la Zona 1. Adem\u00e1s, el delantero explic\u00f3 el porqu\u00e9 de su continuidad en el \u201cChaira\u201d y vaticin\u00f3 los objetivos para este a\u00f1o.<!--more--><\/p>\n<hr \/>\n<p>La segunda jornada del Torneo Interligas dej\u00f3 mucha tela para cortar, principalmente por lo sucedido el pasado lunes por la noche en el estadio Buglione Martinese con una <a href=\"https:\/\/cdnoticias.com\/racing-fue-certero-y-se-quedo-con-el-clasico-de-la-ciudad\/\">nueva edici\u00f3n del cl\u00e1sico de la ciudad<\/a> que qued\u00f3 finalmente para Racing. <strong>Luego de terminado el encuentro, Rub\u00e9n Tarasco se tom\u00f3 un momento para dialogar con la prensa y analiz\u00f3 los primeros tres puntos conseguidos por el \u201cChaira\u201d en el certamen<\/strong>.<\/p>\n<p>&nbsp;<\/p>\n<p>\u201c<em><strong>Los cl\u00e1sicos son as\u00ed, partidos chivos y trabados que se definen por un gol<\/strong>\u201d<\/em>, fueron las primeras palabras del oriundo de Sunchales y prosigui\u00f3 en la misma l\u00ednea: <em>\u201cTuvimos un tropiezo en la primera fecha, pero creo que<strong> haber ganado el cl\u00e1sico nos va a dar un buen impulso para lo que viene<\/strong>\u201d<\/em>, destac\u00f3.<\/p>\n<p>&nbsp;<\/p>\n<p>Racing rompi\u00f3 la paridad en una de las pocas que concret\u00f3: \u201c<em><strong>Por ah\u00ed me fastidio un poco cuando no llega la pelota, pero la que me queda tengo que tratar de meterla. El delantero a veces tiene esas cosas<\/strong>\u201d<\/em>, expres\u00f3 Tarasco, quien de cabeza marc\u00f3 el \u00fanico tanto frente al \u201cBata\u201d a los 64\u2019 de la etapa complementaria.<\/p>\n<p>&nbsp;<\/p>\n<p>&nbsp;<\/p>\n<p><img data-recalc-dims=\"1\" loading=\"lazy\" decoding=\"async\" class=\"aligncenter  wp-image-31343\" src=\"https:\/\/i0.wp.com\/centraldeportes.com.ar\/wp-content\/uploads\/2023\/03\/rac-cae-1.jpeg?resize=758%2C499\" alt=\"\" width=\"758\" height=\"499\" \/><\/p>\n<p>&nbsp;<\/p>\n<p>Con respecto a su continuidad en \u201cLa Estrellita\u201d, el ex Sportivo Pe\u00f1arol sostuvo que: <em>\u201c<strong>Fue una decisi\u00f3n muy dif\u00edcil, me qued\u00e9 porque estoy muy comprometido con el club, ellos hicieron un esfuerzo muy grande para que me quede<\/strong>\u201d<\/em>, haciendo hincapi\u00e9 en la dirigencia y luego continu\u00f3: <em>\u201c<strong>Ten\u00eda varias propuestas del Federal A, pero decid\u00ed quedarme a pelear para el Regional<\/strong>\u201d.<\/em><\/p>\n<p>&nbsp;<\/p>\n<blockquote><p><em>\u201cEstoy muy c\u00f3modo en el plantel, la ciudad me sedujo mucho y prioric\u00e9 mi familia\u201d<\/em><\/p><\/blockquote>\n<p>&nbsp;<\/p>\n<p>Los dirigidos por Tucker son los campeones vigentes del Torneo Uni\u00f3n Deportiva Regional: <em>\u201c<strong>Racing deja la vara muy alta, vamos a tratar de volver a cumplir ese objetivo y por eso hay que seguir trabajando<\/strong>\u201d<\/em>, termin\u00f3.<\/p>\n","protected":false},"excerpt":{"rendered":"<p>Declar\u00f3 el autor del \u00fanico tanto en la victoria de Racing frente a Estudiantes por la 2\u00b0 fecha de la<\/p>\n","protected":false},"author":96739694,"featured_media":153795,"comment_status":"closed","ping_status":"closed","sticky":false,"template":"","format":"standard","meta":{"_jetpack_memberships_contains_paid_content":false,"footnotes":""},"categories":[35,1,41],"tags":[],"class_list":["post-139264","post","type-post","status-publish","format-standard","has-post-thumbnail","hentry","category-futbol","category-portada","category-primera-y-reserva"],"jetpack_featured_media_url":"https:\/\/i0.wp.com\/cdnoticias.com\/wp-content\/uploads\/2023\/03\/rac-cae-3.jpeg?fit=1280%2C853&ssl=1","jetpack_sharing_enabled":true,"_links":{"self":[{"href":"https:\/\/cdnoticias.com\/index.php\/wp-json\/wp\/v2\/posts\/139264","targetHints":{"allow":["GET"]}}],"collection":[{"href":"https:\/\/cdnoticias.com\/index.php\/wp-json\/wp\/v2\/posts"}],"about":[{"href":"https:\/\/cdnoticias.com\/index.php\/wp-json\/wp\/v2\/types\/post"}],"author":[{"embeddable":true,"href":"https:\/\/cdnoticias.com\/index.php\/wp-json\/wp\/v2\/users\/96739694"}],"replies":[{"embeddable":true,"href":"https:\/\/cdnoticias.com\/index.php\/wp-json\/wp\/v2\/comments?post=139264"}],"version-history":[{"count":0,"href":"https:\/\/cdnoticias.com\/index.php\/wp-json\/wp\/v2\/posts\/139264\/revisions"}],"wp:featuredmedia":[{"embeddable":true,"href":"https:\/\/cdnoticias.com\/index.php\/wp-json\/wp\/v2\/media\/153795"}],"wp:attachment":[{"href":"https:\/\/cdnoticias.com\/index.php\/wp-json\/wp\/v2\/media?parent=139264"}],"wp:term":[{"taxonomy":"category","embeddable":true,"href":"https:\/\/cdnoticias.com\/index.php\/wp-json\/wp\/v2\/categories?post=139264"},{"taxonomy":"post_tag","embeddable":true,"href":"https:\/\/cdnoticias.com\/index.php\/wp-json\/wp\/v2\/tags?post=139264"}],"curies":[{"name":"wp","href":"https:\/\/api.w.org\/{rel}","templated":true}]}}