{"id":139260,"date":"2023-03-09T16:38:25","date_gmt":"2023-03-09T19:38:25","guid":{"rendered":"http:\/\/centraldeportes.com.ar\/?p=31531"},"modified":"2025-02-11T13:21:52","modified_gmt":"2025-02-11T16:21:52","slug":"world-league-daiana-moura-tuvo-su-debut-en-italia","status":"publish","type":"post","link":"https:\/\/cdnoticias.com\/index.php\/2023\/03\/09\/world-league-daiana-moura-tuvo-su-debut-en-italia\/","title":{"rendered":"World League: Daiana Moura tuvo su debut en Italia"},"content":{"rendered":"<p>En la segunda etapa de la World League dice presente Daiana Moura con la Selecci\u00f3n Argentina y este jueves tuvo su debut en el certamen que se lleva a cabo en Italia.<!--more--><\/p>\n<hr \/>\n<p>La nadadora de Olavarr\u00eda nuevamente estuvo en la consideraci\u00f3n del equipo nacional y emprendi\u00f3 una nueva gira por Europa donde participar\u00e1 de diversos cert\u00e1menes y en su primera presentaci\u00f3n compiti\u00f3 en los 100 metros libres en la ciudad italiana de Lignano.<\/p>\n<p>&nbsp;<\/p>\n<p>Moura particip\u00f3 de la s\u00e9ptima serie y finaliz\u00f3 en la octava colocaci\u00f3n con un tiempo de 1:43:85. El primer lugar fue para Zia Le Helley con 1:10:22.<\/p>\n<p>&nbsp;<\/p>\n<p>La olavarriense volver\u00e1 a presentarse en las primeras horas del viernes en los 100 metros pechos y finalizar\u00e1 su actuaci\u00f3n el venidero domingo con 50 metros libres.<\/p>\n<p>&nbsp;<\/p>\n<p>Posteriormente viajar\u00e1 a Inglaterra donde competir\u00e1 en el Mundial a partir del jueves 16.<\/p>\n<p>&nbsp;<\/p>\n<p>El equipo nacional est\u00e1 compuesto por Mat\u00edas De Andrade, Inaki Basiloff, Nadia, B\u00e1ez, Daniela Gim\u00e9nez, Analuz Pellitero, Facuando Arregui, Germ\u00e1n Ar\u00e9valo, Sergio Zayas, Nicol\u00e1s Rivero, Elizabeth Noriega, Nicol\u00e1s Ricci, Santiago Senestro, Eli\u00e1n Araya, Nicol\u00e1s Nieto, Leandro Ferreiro, Daiana Moura, Facundo Signorini, Jazm\u00edn Arag\u00f3n y Lautaro Maidana Cancinos.<\/p>\n","protected":false},"excerpt":{"rendered":"<p>En la segunda etapa de la World League dice presente Daiana Moura con la Selecci\u00f3n Argentina y este jueves tuvo<\/p>\n","protected":false},"author":96739694,"featured_media":146297,"comment_status":"closed","ping_status":"closed","sticky":false,"template":"","format":"standard","meta":{"_jetpack_memberships_contains_paid_content":false,"footnotes":""},"categories":[30,1],"tags":[],"class_list":["post-139260","post","type-post","status-publish","format-standard","has-post-thumbnail","hentry","category-polideportivo","category-portada"],"jetpack_featured_media_url":"https:\/\/i0.wp.com\/cdnoticias.com\/wp-content\/uploads\/2022\/04\/WhatsApp-Image-2022-03-30-at-11.55.05-AM.jpeg?fit=1040%2C780&ssl=1","jetpack_sharing_enabled":true,"_links":{"self":[{"href":"https:\/\/cdnoticias.com\/index.php\/wp-json\/wp\/v2\/posts\/139260","targetHints":{"allow":["GET"]}}],"collection":[{"href":"https:\/\/cdnoticias.com\/index.php\/wp-json\/wp\/v2\/posts"}],"about":[{"href":"https:\/\/cdnoticias.com\/index.php\/wp-json\/wp\/v2\/types\/post"}],"author":[{"embeddable":true,"href":"https:\/\/cdnoticias.com\/index.php\/wp-json\/wp\/v2\/users\/96739694"}],"replies":[{"embeddable":true,"href":"https:\/\/cdnoticias.com\/index.php\/wp-json\/wp\/v2\/comments?post=139260"}],"version-history":[{"count":0,"href":"https:\/\/cdnoticias.com\/index.php\/wp-json\/wp\/v2\/posts\/139260\/revisions"}],"wp:featuredmedia":[{"embeddable":true,"href":"https:\/\/cdnoticias.com\/index.php\/wp-json\/wp\/v2\/media\/146297"}],"wp:attachment":[{"href":"https:\/\/cdnoticias.com\/index.php\/wp-json\/wp\/v2\/media?parent=139260"}],"wp:term":[{"taxonomy":"category","embeddable":true,"href":"https:\/\/cdnoticias.com\/index.php\/wp-json\/wp\/v2\/categories?post=139260"},{"taxonomy":"post_tag","embeddable":true,"href":"https:\/\/cdnoticias.com\/index.php\/wp-json\/wp\/v2\/tags?post=139260"}],"curies":[{"name":"wp","href":"https:\/\/api.w.org\/{rel}","templated":true}]}}