{"id":139247,"date":"2023-03-08T14:59:37","date_gmt":"2023-03-08T17:59:37","guid":{"rendered":"http:\/\/centraldeportes.com.ar\/?p=31447"},"modified":"2025-02-11T13:18:59","modified_gmt":"2025-02-11T16:18:59","slug":"quedo-reinaugurado-el-trinquete-bataraz","status":"publish","type":"post","link":"https:\/\/cdnoticias.com\/index.php\/2023\/03\/08\/quedo-reinaugurado-el-trinquete-bataraz\/","title":{"rendered":"Qued\u00f3 reinaugurado el trinquete \u201cBataraz\u201d"},"content":{"rendered":"<p>El pasado s\u00e1bado y ante un buen marco de p\u00fablico, qued\u00f3 reinaugurado el trinquete de Estudiantes.<!--more--><\/p>\n<hr \/>\n<p>Aprovechando el receso estival, la Subcomisi\u00f3n de Pelota Paleta del Club Estudiantes reacondicion\u00f3 el espacio y con partidos exhibici\u00f3n qued\u00f3 oficialmente reinaugurado.<\/p>\n<p>&nbsp;<\/p>\n<p>Carlos Montero, profesor de la disciplina se mostr\u00f3 muy conforme en cuanto al trabajo realizado: \u201c<em>Hace un a\u00f1o y dos meses nos propusimos levantar la disciplina y que no decaiga, que siga su curso como hizo toda la vida, dentro de ese objetivo estaba el arreglar y mejorar la instalaci\u00f3n de la cancha. Esto se prepar\u00f3 durante el 2022. Hac\u00eda 15 a\u00f1os que no se le hac\u00eda nada a la cancha y nos propusimos en la comisi\u00f3n hacerle los arreglos que corresponden y quiero agradecerles a todos los auspiciantes ya que sin ellos no hubiera sido posible esto<\/em>\u201d.<\/p>\n<p>&nbsp;<\/p>\n<p>\u201c<em>Estamos m\u00e1s que felices ya que un a\u00f1o pudimos lograr este objetivo de mejorar la cancha y dem\u00e1s decir que todo aqu\u00e9l que quiera participar de la escuela iremos pasando d\u00edas y horarios. Hoy en d\u00eda tenemos un buen n\u00famero de participantes que rondan los 50<\/em>\u201d, asegur\u00f3 el dirigente y profesor.<\/p>\n<p>&nbsp;<\/p>\n\n<p>&nbsp;<\/p>\n<p>El Presidente del club, Emilio Incaurgarat dijo presente para realizar el saque inicial como un acto emblem\u00e1tico y tambi\u00e9n acompa\u00f1aron otros dirigentes.<\/p>\n","protected":false},"excerpt":{"rendered":"<p>El pasado s\u00e1bado y ante un buen marco de p\u00fablico, qued\u00f3 reinaugurado el trinquete de Estudiantes.<\/p>\n","protected":false},"author":96739694,"featured_media":153767,"comment_status":"closed","ping_status":"closed","sticky":false,"template":"","format":"standard","meta":{"_jetpack_memberships_contains_paid_content":false,"footnotes":""},"categories":[30,1],"tags":[],"class_list":["post-139247","post","type-post","status-publish","format-standard","has-post-thumbnail","hentry","category-polideportivo","category-portada"],"jetpack_featured_media_url":"https:\/\/i0.wp.com\/cdnoticias.com\/wp-content\/uploads\/2023\/03\/WhatsApp-Image-2023-03-04-at-18.25.39.jpeg?fit=1024%2C576&ssl=1","jetpack_sharing_enabled":true,"_links":{"self":[{"href":"https:\/\/cdnoticias.com\/index.php\/wp-json\/wp\/v2\/posts\/139247","targetHints":{"allow":["GET"]}}],"collection":[{"href":"https:\/\/cdnoticias.com\/index.php\/wp-json\/wp\/v2\/posts"}],"about":[{"href":"https:\/\/cdnoticias.com\/index.php\/wp-json\/wp\/v2\/types\/post"}],"author":[{"embeddable":true,"href":"https:\/\/cdnoticias.com\/index.php\/wp-json\/wp\/v2\/users\/96739694"}],"replies":[{"embeddable":true,"href":"https:\/\/cdnoticias.com\/index.php\/wp-json\/wp\/v2\/comments?post=139247"}],"version-history":[{"count":0,"href":"https:\/\/cdnoticias.com\/index.php\/wp-json\/wp\/v2\/posts\/139247\/revisions"}],"wp:featuredmedia":[{"embeddable":true,"href":"https:\/\/cdnoticias.com\/index.php\/wp-json\/wp\/v2\/media\/153767"}],"wp:attachment":[{"href":"https:\/\/cdnoticias.com\/index.php\/wp-json\/wp\/v2\/media?parent=139247"}],"wp:term":[{"taxonomy":"category","embeddable":true,"href":"https:\/\/cdnoticias.com\/index.php\/wp-json\/wp\/v2\/categories?post=139247"},{"taxonomy":"post_tag","embeddable":true,"href":"https:\/\/cdnoticias.com\/index.php\/wp-json\/wp\/v2\/tags?post=139247"}],"curies":[{"name":"wp","href":"https:\/\/api.w.org\/{rel}","templated":true}]}}