{"id":139234,"date":"2023-03-06T19:13:59","date_gmt":"2023-03-06T22:13:59","guid":{"rendered":"http:\/\/centraldeportes.com.ar\/?p=31336"},"modified":"2025-02-10T23:36:59","modified_gmt":"2025-02-11T02:36:59","slug":"fatiga-me-incentivo-a-venir-y-estoy-muy-contento-de-estar-en-municipales","status":"publish","type":"post","link":"https:\/\/cdnoticias.com\/index.php\/2023\/03\/06\/fatiga-me-incentivo-a-venir-y-estoy-muy-contento-de-estar-en-municipales\/","title":{"rendered":"\u201cFatiga me incentiv\u00f3 a venir y estoy muy contento de estar en Municipales\u201d"},"content":{"rendered":"<p>Dijo Franco Janson, autor del segundo tanto en la victoria 2 a 0 de su equipo frente a Juventud de Laprida por el Torneo Interligas. Adem\u00e1s, valor\u00f3 la propuesta de Francisco Russo para su llegada al club.<!--more--><\/p>\n<hr \/>\n<p>El pasado domingo, <strong>Municipales encar\u00f3 la 2\u00b0 fecha del Torneo Uni\u00f3n Deportiva Regional y lo hizo con victoria<\/strong> <a href=\"https:\/\/cdnoticias.com\/municipales-festejo-en-el-parque-guerrero-y-manda-en-la-zona-5\/\">2 a 0 sobre Juventud de Laprida<\/a> en el partido correspondiente a la Zona 5. Una vez consumado el festejo, <strong>Franco Janson, due\u00f1o del segundo grito de la tarde, dej\u00f3 sus comentarios tras el resultado positivo<\/strong>.<\/p>\n<p>&nbsp;<\/p>\n<p><em>\u201cEra lo que ven\u00edamos a buscar, <strong>ten\u00edamos que hacer valer los tres puntos que conseguimos de visitante por eso tratamos de ser fuertes de local<\/strong> y se nos pudo dar la victoria\u201d<\/em>, fueron las primeras frases del ex Racing.<\/p>\n<p>&nbsp;<\/p>\n<p>Al conjunto \u201cMunicipal\u201d le cost\u00f3 meterse en el partido durante los primeros minutos, donde el rival demostr\u00f3 un poco m\u00e1s: <em>\u201c<strong>El primer tiempo se hizo pesado, hac\u00eda mucho calor<\/strong> y \u201cFatiga\u201d \u2013 Russo \u2013 nos hab\u00eda dicho que ellos iban a salir con todo en los primeros 15 minutos\u201d<\/em>, detall\u00f3 el volante y continu\u00f3 en la misma l\u00ednea: <em>\u201c<strong>Reci\u00e9n nos pudimos despertar cerca de los 30\u2019 y ah\u00ed empezamos a ver el Municipales que nosotros buscamos<\/strong>\u201d.<\/em><\/p>\n<p>&nbsp;<\/p>\n<p>&nbsp;<\/p>\n<p>&nbsp;<\/p>\n<figure id=\"attachment_31286\" aria-describedby=\"caption-attachment-31286\" style=\"width: 1280px\" class=\"wp-caption aligncenter\"><img data-recalc-dims=\"1\" loading=\"lazy\" decoding=\"async\" class=\"wp-image-31286 size-full\" src=\"https:\/\/i0.wp.com\/centraldeportes.com.ar\/wp-content\/uploads\/2023\/03\/futbol-5.jpeg?resize=800%2C521\" alt=\"\" width=\"800\" height=\"521\" \/><figcaption id=\"caption-attachment-31286\" class=\"wp-caption-text\">Cabezazo y a cobrar, el 2 a 0 de Municipales<\/figcaption><\/figure>\n<p>&nbsp;<\/p>\n<p>Por su parte Janson, que ven\u00eda de ser campe\u00f3n con Sportivo Piazza, cont\u00f3 que: \u201c<strong><em>Viajar todos los d\u00edas a Azul se me estaba haciendo cansador<\/em><\/strong>\u201d y detall\u00f3 los motivos de su llegada al equipo del Sindicato: \u201c<strong><em>Ni bien salimos campeones a los d\u00edas me llama \u201cFatiga\u201d y como siempre tiene la confianza en m\u00ed me incentiv\u00f3 a venir, estoy muy contento de estar ac\u00e1<\/em><\/strong>\u201d, recalc\u00f3.<\/p>\n<p>&nbsp;<\/p>\n<p>Asimismo, el autor del segundo gol expres\u00f3: \u201c<em>V<strong>amos partido a partido, la idea es tratar de conseguir el juego que entrenamos y trabajamos<\/strong><\/em>\u201d, con respecto al recorrido de Municipales, l\u00edder de la Zona 5, que en la pr\u00f3xima fecha enfrentar\u00e1 a San Mart\u00edn: <em>\u201cNos queda toda una semana para descansar y el rival que venga vamos a estar preparados\u201d, <\/em>concluy\u00f3.<\/p>\n","protected":false},"excerpt":{"rendered":"<p>Dijo Franco Janson, autor del segundo tanto en la victoria 2 a 0 de su equipo frente a Juventud de<\/p>\n","protected":false},"author":96739694,"featured_media":153665,"comment_status":"closed","ping_status":"closed","sticky":false,"template":"","format":"standard","meta":{"_jetpack_memberships_contains_paid_content":false,"footnotes":""},"categories":[35,1,41],"tags":[],"class_list":["post-139234","post","type-post","status-publish","format-standard","has-post-thumbnail","hentry","category-futbol","category-portada","category-primera-y-reserva"],"jetpack_featured_media_url":"https:\/\/i0.wp.com\/cdnoticias.com\/wp-content\/uploads\/2023\/03\/Franco-Janson-e1678140577367.jpeg?fit=1280%2C755&ssl=1","jetpack_sharing_enabled":true,"_links":{"self":[{"href":"https:\/\/cdnoticias.com\/index.php\/wp-json\/wp\/v2\/posts\/139234","targetHints":{"allow":["GET"]}}],"collection":[{"href":"https:\/\/cdnoticias.com\/index.php\/wp-json\/wp\/v2\/posts"}],"about":[{"href":"https:\/\/cdnoticias.com\/index.php\/wp-json\/wp\/v2\/types\/post"}],"author":[{"embeddable":true,"href":"https:\/\/cdnoticias.com\/index.php\/wp-json\/wp\/v2\/users\/96739694"}],"replies":[{"embeddable":true,"href":"https:\/\/cdnoticias.com\/index.php\/wp-json\/wp\/v2\/comments?post=139234"}],"version-history":[{"count":0,"href":"https:\/\/cdnoticias.com\/index.php\/wp-json\/wp\/v2\/posts\/139234\/revisions"}],"wp:featuredmedia":[{"embeddable":true,"href":"https:\/\/cdnoticias.com\/index.php\/wp-json\/wp\/v2\/media\/153665"}],"wp:attachment":[{"href":"https:\/\/cdnoticias.com\/index.php\/wp-json\/wp\/v2\/media?parent=139234"}],"wp:term":[{"taxonomy":"category","embeddable":true,"href":"https:\/\/cdnoticias.com\/index.php\/wp-json\/wp\/v2\/categories?post=139234"},{"taxonomy":"post_tag","embeddable":true,"href":"https:\/\/cdnoticias.com\/index.php\/wp-json\/wp\/v2\/tags?post=139234"}],"curies":[{"name":"wp","href":"https:\/\/api.w.org\/{rel}","templated":true}]}}