{"id":139233,"date":"2023-03-06T17:51:40","date_gmt":"2023-03-06T20:51:40","guid":{"rendered":"http:\/\/centraldeportes.com.ar\/?p=31324"},"modified":"2025-02-10T23:37:01","modified_gmt":"2025-02-11T02:37:01","slug":"primera-b-metro-los-tres-olavarrienses-volvieron-a-ser-titulares","status":"publish","type":"post","link":"https:\/\/cdnoticias.com\/index.php\/2023\/03\/06\/primera-b-metro-los-tres-olavarrienses-volvieron-a-ser-titulares\/","title":{"rendered":"Primera B \u201cMetro\u201d: los tres olavarrienses volvieron a ser titulares"},"content":{"rendered":"<p>El pasado fin de semana se jug\u00f3 de forma \u00edntegra la 4\u00b0 fecha del Torneo Apertura y ninguno de los futbolistas locales logr\u00f3 sumar de a tres con sus respectivos equipos.<!--more--><\/p>\n<hr \/>\n<p>Pas\u00f3 otra fecha del torneo de ascenso metropolitano, que tuvo en su haber la disputa de la <strong>4\u00b0 cita del Torneo Apertura<\/strong> entre viernes y domingo pasado. <strong>Los futbolistas locales Sim\u00f3n Buscaglia, Juan Ignacio Barbieri y Alexander Battigelli volvieron a integrar el once titular en sus respectivos clubes<\/strong>, pero no consiguieron llevarse el resultado ideal.<\/p>\n<p>&nbsp;<\/p>\n<figure id=\"attachment_31326\" aria-describedby=\"caption-attachment-31326\" style=\"width: 768px\" class=\"wp-caption aligncenter\"><img data-recalc-dims=\"1\" loading=\"lazy\" decoding=\"async\" class=\"wp-image-31326\" src=\"https:\/\/i0.wp.com\/centraldeportes.com.ar\/wp-content\/uploads\/2023\/03\/Juan-Ignacio-Barbieri-Acassuso.jpg?resize=768%2C512\" alt=\"\" width=\"768\" height=\"512\" \/><figcaption id=\"caption-attachment-31326\" class=\"wp-caption-text\">Cr\u00e9dito: Acassuso Oficial<\/figcaption><\/figure>\n<p>&nbsp;<\/p>\n<p>El s\u00e1bado, en primer turno, <strong>Acassuso visit\u00f3 al l\u00edder del torneo, San Miguel<\/strong>, y rescat\u00f3 un empate sobre el final del partido. <strong>Fue 1 a 1 el resultado definitivo y Barbieri complet\u00f3 los 90 minutos de juego<\/strong> para el \u201cSusso\u201d que acumula 6 puntos en el campeonato.<\/p>\n<p>&nbsp;<\/p>\n<p>Horas m\u00e1s tarde, Deportivo Armenio recibi\u00f3 en su estadio a Comunicaciones y volvi\u00f3 a quedarse con un resultado negativo. <strong>El \u201cTricolor\u201d, que cont\u00f3 con la presencia de Battigelli en todo el tiempo reglamentario, cay\u00f3 3 a 2 frente al \u201cCartero\u201d\u00a0 y registr\u00f3 su segunda derrota en el Apertura<\/strong>.<\/p>\n<p>&nbsp;<\/p>\n<figure id=\"attachment_31325\" aria-describedby=\"caption-attachment-31325\" style=\"width: 744px\" class=\"wp-caption aligncenter\"><img data-recalc-dims=\"1\" loading=\"lazy\" decoding=\"async\" class=\"wp-image-31325\" src=\"https:\/\/i0.wp.com\/centraldeportes.com.ar\/wp-content\/uploads\/2023\/03\/Carlos-Battigeli-Armenio-4%C2%B0-fecha.jpg?resize=744%2C545\" alt=\"\" width=\"744\" height=\"545\" \/><figcaption id=\"caption-attachment-31325\" class=\"wp-caption-text\">Cr\u00e9dito: glocsphoto\/Dep. Armenio<\/figcaption><\/figure>\n<p>&nbsp;<\/p>\n<p>Por otro lado, el que cedi\u00f3 y perdi\u00f3 el invicto fue el Villa San Carlos de Sim\u00f3n Buscaglia.<strong> El \u201cCele\u201d cay\u00f3 1 a 0 frente a Talleres de Remedios de Escalada en Berisso y el lateral izquierdo olavarriense jug\u00f3 75 minutos<\/strong> y luego sali\u00f3 reemplazado por Maximiliano Badell.<\/p>\n<p>&nbsp;<\/p>\n<p><strong><em>Foto: Villa San Carlos.<\/em><\/strong><\/p>\n","protected":false},"excerpt":{"rendered":"<p>El pasado fin de semana se jug\u00f3 de forma \u00edntegra la 4\u00b0 fecha del Torneo Apertura y ninguno de los<\/p>\n","protected":false},"author":96739694,"featured_media":153669,"comment_status":"closed","ping_status":"closed","sticky":false,"template":"","format":"standard","meta":{"_jetpack_memberships_contains_paid_content":false,"footnotes":""},"categories":[35,37,1],"tags":[],"class_list":["post-139233","post","type-post","status-publish","format-standard","has-post-thumbnail","hentry","category-futbol","category-futbol-profesional","category-portada"],"jetpack_featured_media_url":"https:\/\/i0.wp.com\/cdnoticias.com\/wp-content\/uploads\/2023\/03\/Simon-Buscaglia-Villa-San-Carlos-4%C2%B0-fecha-e1678135699325.jpeg?fit=1072%2C675&ssl=1","jetpack_sharing_enabled":true,"_links":{"self":[{"href":"https:\/\/cdnoticias.com\/index.php\/wp-json\/wp\/v2\/posts\/139233","targetHints":{"allow":["GET"]}}],"collection":[{"href":"https:\/\/cdnoticias.com\/index.php\/wp-json\/wp\/v2\/posts"}],"about":[{"href":"https:\/\/cdnoticias.com\/index.php\/wp-json\/wp\/v2\/types\/post"}],"author":[{"embeddable":true,"href":"https:\/\/cdnoticias.com\/index.php\/wp-json\/wp\/v2\/users\/96739694"}],"replies":[{"embeddable":true,"href":"https:\/\/cdnoticias.com\/index.php\/wp-json\/wp\/v2\/comments?post=139233"}],"version-history":[{"count":0,"href":"https:\/\/cdnoticias.com\/index.php\/wp-json\/wp\/v2\/posts\/139233\/revisions"}],"wp:featuredmedia":[{"embeddable":true,"href":"https:\/\/cdnoticias.com\/index.php\/wp-json\/wp\/v2\/media\/153669"}],"wp:attachment":[{"href":"https:\/\/cdnoticias.com\/index.php\/wp-json\/wp\/v2\/media?parent=139233"}],"wp:term":[{"taxonomy":"category","embeddable":true,"href":"https:\/\/cdnoticias.com\/index.php\/wp-json\/wp\/v2\/categories?post=139233"},{"taxonomy":"post_tag","embeddable":true,"href":"https:\/\/cdnoticias.com\/index.php\/wp-json\/wp\/v2\/tags?post=139233"}],"curies":[{"name":"wp","href":"https:\/\/api.w.org\/{rel}","templated":true}]}}