{"id":139232,"date":"2023-03-06T16:43:15","date_gmt":"2023-03-06T19:43:15","guid":{"rendered":"http:\/\/centraldeportes.com.ar\/?p=31321"},"modified":"2025-02-10T23:37:06","modified_gmt":"2025-02-11T02:37:06","slug":"cecilia-y-gustavo-fernandez-se-quedaron-con-el-maraton-me-encanta-bolivar","status":"publish","type":"post","link":"https:\/\/cdnoticias.com\/index.php\/2023\/03\/06\/cecilia-y-gustavo-fernandez-se-quedaron-con-el-maraton-me-encanta-bolivar\/","title":{"rendered":"Cecilia y Gustavo Fern\u00e1ndez se quedaron con el Marat\u00f3n &#8220;Me Encanta Bol\u00edvar&#8221;"},"content":{"rendered":"<p>La competencia general fue ganada por el olavarriense\u00a0Gustavo Fern\u00e1ndez,\u00a0quien insumi\u00f3 1 hora, 8 minutos y 6 segundos para recorrer los\u00a021 kil\u00f3metros.\u00a0El mejor bolivarense, en lo que respecta a la clasificaci\u00f3n general, fue\u00a0Marcos Garc\u00eda, quien lleg\u00f3 a la meta tras 1 hora y 22 minutos de carrera.<\/p>\n<p><!--more--><\/p>\n<hr \/>\n<p>La tambi\u00e9n olavarriense\u00a0Cecilia Fern\u00e1ndez\u00a0gan\u00f3 la General entre las Damas, en tanto\u00a0Macarena Abel,\u00a0de Bol\u00edvar, ocup\u00f3 la quinta posici\u00f3n siendo la mejor local.<\/p>\n<p>&nbsp;<\/p>\n<p>Abel Giordano\u00a0gan\u00f3 en la categor\u00eda Varones entre 50 y 54 a\u00f1os;\u00a0Elbio Barrientos\u00a0en la 55 a 59;\u00a0Alejandro Llarena\u00a0en la 60 a 64;\u00a0Alberto Jesualdi\u00a0se qued\u00f3 con la 65 a 69 y\u00a0Roberto Poffo\u00a0en la 70 a\u00f1os en adelante. Todos estos atletas son de Bol\u00edvar.<\/p>\n<p>&nbsp;<\/p>\n<p>En lo que se refiere a Mujeres, las actuaciones m\u00e1s destacadas de atletas bolivarenses fue la siguiente: Macarena Abel termin\u00f3 2\u00aa en la categor\u00eda 20 a 29 a\u00f1os;\u00a0Laura Rodr\u00edguez\u00a0gan\u00f3 en la categor\u00eda de 30 a 34 a\u00f1os;\u00a0Florencia Torres\u00a0fue 3\u00aa en la correspondiente a 35 a 39 a\u00f1os; igual posici\u00f3n le correspondi\u00f3 a\u00a0Gabriela R\u00edos\u00a0en 40 a 44 a\u00f1os;\u00a0Silvina Arrendondo\u00a0se qued\u00f3 con el primer puesto en 45 a 49 a\u00f1os y\u00a0Cristina Pardo\u00a0tambi\u00e9n gan\u00f3 en 55 a 59, categor\u00eda en la cual\u00a0Marta Piccirillo\u00a0finaliz\u00f3 2\u00aa.<\/p>\n<p>&nbsp;<\/p>\n<p>La clasificaci\u00f3n general:<\/p>\n<p>&nbsp;<\/p>\n<p>Caballeros<\/p>\n<p>1\u00ba Gustavo Fern\u00e1ndez 1:08:06.0 3:15, Olavarr\u00eda.<br \/>\n2\u00ba Guillermo Funaro 1:09:36.4 3:19, Tandil.<br \/>\n3\u00ba Jonathan Ezequiel Magallane 1:13:30, Olavarr\u00eda.<br \/>\n4\u00ba Pablo Oscar Ingratta 1:14:36, Olavarr\u00eda.<br \/>\n5\u00ba Daniel J\u00e1uregui 1:15:47, Carlos Casares.<br \/>\n6\u00ba Diego D\u00edaz 1:16:33, Olavarr\u00eda.<br \/>\n7\u00ba Mauricio Olivera 1:17:35, Hinojo.<br \/>\n8\u00ba Luis Baygorria 1:19:06, Olavarr\u00eda<br \/>\n9\u00ba Dami\u00e1n Lorito 1:20:34, De Julio.<br \/>\n10\u00ba Gustavo Rotela 1:21:51, Las Flores<\/p>\n<p>&nbsp;<\/p>\n<p>Damas<\/p>\n<p>1\u00aa Cecilia Fern\u00e1ndez 1:23:07, Olavarr\u00cda.<br \/>\n2\u00aa Teresita Regueiro 1:34:54, 9 De Julio.<br \/>\n3\u00aa Vanessa Bentancurt 1:35:22, 9 de Julio.<br \/>\n4\u00aa Laura Trumpio 1:36:27, Olavarr\u00eda.<br \/>\n5\u00aa Macarena Abel 1:43:20, Bol\u00edvar.<br \/>\n6\u00aa Florencia Torres 1:43:33, Bol\u00edvar.<br \/>\n7\u00aa Alejandra Pirali 1:44:23, Las Flores.<br \/>\n8\u00aa Natalia Zaffora 1:44:44, Olavarr\u00eda.<\/p>\n","protected":false},"excerpt":{"rendered":"<p>La competencia general fue ganada por el olavarriense\u00a0Gustavo Fern\u00e1ndez,\u00a0quien insumi\u00f3 1 hora, 8 minutos y 6 segundos para recorrer los\u00a021<\/p>\n","protected":false},"author":96739694,"featured_media":153675,"comment_status":"closed","ping_status":"closed","sticky":false,"template":"","format":"standard","meta":{"_jetpack_memberships_contains_paid_content":false,"footnotes":""},"categories":[38,1],"tags":[],"class_list":["post-139232","post","type-post","status-publish","format-standard","has-post-thumbnail","hentry","category-pedestrismo","category-portada"],"jetpack_featured_media_url":"https:\/\/i0.wp.com\/cdnoticias.com\/wp-content\/uploads\/2023\/03\/maraton-me-encanta.jpg?fit=1600%2C899&ssl=1","jetpack_sharing_enabled":true,"_links":{"self":[{"href":"https:\/\/cdnoticias.com\/index.php\/wp-json\/wp\/v2\/posts\/139232","targetHints":{"allow":["GET"]}}],"collection":[{"href":"https:\/\/cdnoticias.com\/index.php\/wp-json\/wp\/v2\/posts"}],"about":[{"href":"https:\/\/cdnoticias.com\/index.php\/wp-json\/wp\/v2\/types\/post"}],"author":[{"embeddable":true,"href":"https:\/\/cdnoticias.com\/index.php\/wp-json\/wp\/v2\/users\/96739694"}],"replies":[{"embeddable":true,"href":"https:\/\/cdnoticias.com\/index.php\/wp-json\/wp\/v2\/comments?post=139232"}],"version-history":[{"count":0,"href":"https:\/\/cdnoticias.com\/index.php\/wp-json\/wp\/v2\/posts\/139232\/revisions"}],"wp:featuredmedia":[{"embeddable":true,"href":"https:\/\/cdnoticias.com\/index.php\/wp-json\/wp\/v2\/media\/153675"}],"wp:attachment":[{"href":"https:\/\/cdnoticias.com\/index.php\/wp-json\/wp\/v2\/media?parent=139232"}],"wp:term":[{"taxonomy":"category","embeddable":true,"href":"https:\/\/cdnoticias.com\/index.php\/wp-json\/wp\/v2\/categories?post=139232"},{"taxonomy":"post_tag","embeddable":true,"href":"https:\/\/cdnoticias.com\/index.php\/wp-json\/wp\/v2\/tags?post=139232"}],"curies":[{"name":"wp","href":"https:\/\/api.w.org\/{rel}","templated":true}]}}