{"id":139231,"date":"2023-03-06T16:21:23","date_gmt":"2023-03-06T19:21:23","guid":{"rendered":"http:\/\/centraldeportes.com.ar\/?p=31318"},"modified":"2025-02-10T23:37:09","modified_gmt":"2025-02-11T02:37:09","slug":"inscripcion-para-la-actividad-en-las-piletas-de-ferro-y-estudiantes","status":"publish","type":"post","link":"https:\/\/cdnoticias.com\/index.php\/2023\/03\/06\/inscripcion-para-la-actividad-en-las-piletas-de-ferro-y-estudiantes\/","title":{"rendered":"Inscripci\u00f3n para la actividad en las piletas de Ferro y Estudiantes"},"content":{"rendered":"<p>Desde la Subsecretar\u00eda de Deportes y Recreaci\u00f3n Municipal, a trav\u00e9s de la Direcci\u00f3n de Deporte Social, se informa que en la ma\u00f1ana del pr\u00f3ximo martes se llevar\u00e1 a cabo la inscripci\u00f3n para el Programa Municipal de Nataci\u00f3n que desde hace ya a\u00f1os se lleva a cabo en las piletas de los clubes Estudiantes y Ferro Carril Sud, en el marco del retorno de las actividades sistem\u00e1ticas que se ofrecen desde el \u00e1rea.<\/p>\n<p><!--more--><\/p>\n<hr \/>\n<p>De acuerdo con lo que se detall\u00f3, las personas interesadas deber\u00e1n acercarse en el horario de 8:30 a 12 a la oficina de la mencionada Direcci\u00f3n, ubicada sobre avenida Del Valle 3549, en el edificio de la Casa del Deporte.<\/p>\n<p>&nbsp;<\/p>\n<p>La propuesta est\u00e1 orientada a personas adultas y adultas mayores y consiste tanto en ense\u00f1anza de nataci\u00f3n como AcquaGym. Las clases se desarrollar\u00e1n en ambos turnos, dos veces por semana.<\/p>\n<p>&nbsp;<\/p>\n<p>Por informaci\u00f3n podr\u00e1n comunicarse a los tel\u00e9fonos 444127 o 417212, como as\u00ed tambi\u00e9n a trav\u00e9s de WhatsApp al 2284219698. A la par, toda la informaci\u00f3n de la Subsecretar\u00eda, como as\u00ed tambi\u00e9n inquietudes, podr\u00e1n ser consultadas a trav\u00e9s de las redes sociales, tanto en\u00a0Facebook\u00a0como en\u00a0Instagram.<\/p>\n","protected":false},"excerpt":{"rendered":"<p>Desde la Subsecretar\u00eda de Deportes y Recreaci\u00f3n Municipal, a trav\u00e9s de la Direcci\u00f3n de Deporte Social, se informa que en<\/p>\n","protected":false},"author":96739694,"featured_media":153679,"comment_status":"closed","ping_status":"closed","sticky":false,"template":"","format":"standard","meta":{"_jetpack_memberships_contains_paid_content":false,"footnotes":""},"categories":[30,1],"tags":[],"class_list":["post-139231","post","type-post","status-publish","format-standard","has-post-thumbnail","hentry","category-polideportivo","category-portada"],"jetpack_featured_media_url":"https:\/\/i0.wp.com\/cdnoticias.com\/wp-content\/uploads\/2023\/03\/Deportes-Aquagym-1024x682.jpg?fit=1024%2C682&ssl=1","jetpack_sharing_enabled":true,"_links":{"self":[{"href":"https:\/\/cdnoticias.com\/index.php\/wp-json\/wp\/v2\/posts\/139231","targetHints":{"allow":["GET"]}}],"collection":[{"href":"https:\/\/cdnoticias.com\/index.php\/wp-json\/wp\/v2\/posts"}],"about":[{"href":"https:\/\/cdnoticias.com\/index.php\/wp-json\/wp\/v2\/types\/post"}],"author":[{"embeddable":true,"href":"https:\/\/cdnoticias.com\/index.php\/wp-json\/wp\/v2\/users\/96739694"}],"replies":[{"embeddable":true,"href":"https:\/\/cdnoticias.com\/index.php\/wp-json\/wp\/v2\/comments?post=139231"}],"version-history":[{"count":0,"href":"https:\/\/cdnoticias.com\/index.php\/wp-json\/wp\/v2\/posts\/139231\/revisions"}],"wp:featuredmedia":[{"embeddable":true,"href":"https:\/\/cdnoticias.com\/index.php\/wp-json\/wp\/v2\/media\/153679"}],"wp:attachment":[{"href":"https:\/\/cdnoticias.com\/index.php\/wp-json\/wp\/v2\/media?parent=139231"}],"wp:term":[{"taxonomy":"category","embeddable":true,"href":"https:\/\/cdnoticias.com\/index.php\/wp-json\/wp\/v2\/categories?post=139231"},{"taxonomy":"post_tag","embeddable":true,"href":"https:\/\/cdnoticias.com\/index.php\/wp-json\/wp\/v2\/tags?post=139231"}],"curies":[{"name":"wp","href":"https:\/\/api.w.org\/{rel}","templated":true}]}}