{"id":139226,"date":"2023-03-05T12:49:20","date_gmt":"2023-03-05T15:49:20","guid":{"rendered":"http:\/\/centraldeportes.com.ar\/?p=31271"},"modified":"2025-02-10T23:37:20","modified_gmt":"2025-02-11T02:37:20","slug":"agustin-herrera-fue-6o-y-alejandro-weimann-24o-en-la-final-del-tc-pista","status":"publish","type":"post","link":"https:\/\/cdnoticias.com\/index.php\/2023\/03\/05\/agustin-herrera-fue-6o-y-alejandro-weimann-24o-en-la-final-del-tc-pista\/","title":{"rendered":"Agust\u00edn Herrera fue 6\u00ba y Alejandro Weimann 24\u00ba en la final del TC Pista"},"content":{"rendered":"<p>Entretenida carrera de la \u201ctelonera\u201d, que disput\u00f3 en Neuqu\u00e9n la segunda final del a\u00f1o. La victoria fue para Lautaro De La Iglesia. Agust\u00edn Herrera hizo un gran trabajo y arrib\u00f3 sexto. Alejandro Weimann tuvo una buena remontada y termin\u00f3 bien un fin de semana que hab\u00eda comenzado complicado para \u00e9l.<!--more--><\/p>\n<hr \/>\n<p>El segundo cap\u00edtulo del TC Pista en Neuqu\u00e9n tuvo una gran carrera final, con lucha en distintos sectores de la pista, varios toques y buenas producciones de los pilotos de Olavarr\u00eda.<\/p>\n<p>&nbsp;<\/p>\n<p>Con una largada apretada comenz\u00f3 la final y mucha acci\u00f3n desde el primer giro, pero un desparramo de varios autos oblig\u00f3 al ingreso del auto de seguridad en la segunda vuelta. Se reanud\u00f3 al giro siguiente pero otro toque en plena recta entre Reynoso y Salse, que terminaron contra el pared\u00f3n, lo que oblig\u00f3 al ingreso del AS nuevamente en el cuarto giro.<\/p>\n<p>&nbsp;<\/p>\n<p>Tras la reanudaci\u00f3n Lautaro De La Iglesia aprovech\u00f3 para superar a Nicol\u00e1s Impiobato en la punta de la carrera, y lo propio hizo Agust\u00edn Herrera con una gran maniobra logr\u00f3 a superar a Agust\u00edn Mart\u00ednez para ubicarse cuarto, detr\u00e1s de Lucas Valle.<\/p>\n<p>&nbsp;<\/p>\n<p>Herrera pudo mantenerse gran parte de la carrera en esa ubicaci\u00f3n, detr\u00e1s suyo cambiaron las posiciones y \u00e9l resisti\u00f3 hasta el decimos\u00e9ptimo giro, cuando Hern\u00e1n Palazzo con el Toyota Camry logr\u00f3 superarlo, viniendo de atr\u00e1s con un gran ritmo.<\/p>\n<p>&nbsp;<\/p>\n<p>Lleg\u00f3 el final y a un s\u00f3lo giro de la bandera a cuadros, Mario Valle tambi\u00e9n super\u00f3 al olavarriense que quiso recuperar la posici\u00f3n pero se tuvo que conformar con ser sexto.<\/p>\n<p>&nbsp;<\/p>\n<p><img data-recalc-dims=\"1\" loading=\"lazy\" decoding=\"async\" class=\"aligncenter size-full wp-image-31274\" src=\"https:\/\/i0.wp.com\/centraldeportes.com.ar\/wp-content\/uploads\/2023\/03\/WhatsApp-Image-2023-03-05-at-12.47.07-1.jpeg?resize=800%2C580\" alt=\"\" width=\"800\" height=\"580\" \/><\/p>\n<p>&nbsp;<\/p>\n<p>Buen trabajo para Alejandro Weimann, el de Olavarr\u00eda pudo revertir un fin de semana complicado por la clasificaci\u00f3n, y termin\u00f3 largando la final desde el puesto 33\u00ba, y en un duro sector con muchos toques pudo completar la final y ver la bandera en el 24\u00ba lugar.<\/p>\n<p>&nbsp;<\/p>\n<p>La final fue ganada por Lautaro De La Iglesia, seguido de Nicol\u00e1s Impiombato y Lucas Valle. La pr\u00f3xima fecha ser\u00e1 el 26 de Marzo en Toay, provincia de La Pampa.<\/p>\n","protected":false},"excerpt":{"rendered":"<p>Entretenida carrera de la \u201ctelonera\u201d, que disput\u00f3 en Neuqu\u00e9n la segunda final del a\u00f1o. La victoria fue para Lautaro De<\/p>\n","protected":false},"author":96739694,"featured_media":153700,"comment_status":"closed","ping_status":"closed","sticky":false,"template":"","format":"standard","meta":{"_jetpack_memberships_contains_paid_content":false,"footnotes":""},"categories":[34,1,48],"tags":[],"class_list":["post-139226","post","type-post","status-publish","format-standard","has-post-thumbnail","hentry","category-automovilismo","category-portada","category-tc-pista"],"jetpack_featured_media_url":"https:\/\/i0.wp.com\/cdnoticias.com\/wp-content\/uploads\/2023\/03\/WhatsApp-Image-2023-03-05-at-12.46.00.jpeg?fit=1398%2C904&ssl=1","jetpack_sharing_enabled":true,"_links":{"self":[{"href":"https:\/\/cdnoticias.com\/index.php\/wp-json\/wp\/v2\/posts\/139226","targetHints":{"allow":["GET"]}}],"collection":[{"href":"https:\/\/cdnoticias.com\/index.php\/wp-json\/wp\/v2\/posts"}],"about":[{"href":"https:\/\/cdnoticias.com\/index.php\/wp-json\/wp\/v2\/types\/post"}],"author":[{"embeddable":true,"href":"https:\/\/cdnoticias.com\/index.php\/wp-json\/wp\/v2\/users\/96739694"}],"replies":[{"embeddable":true,"href":"https:\/\/cdnoticias.com\/index.php\/wp-json\/wp\/v2\/comments?post=139226"}],"version-history":[{"count":0,"href":"https:\/\/cdnoticias.com\/index.php\/wp-json\/wp\/v2\/posts\/139226\/revisions"}],"wp:featuredmedia":[{"embeddable":true,"href":"https:\/\/cdnoticias.com\/index.php\/wp-json\/wp\/v2\/media\/153700"}],"wp:attachment":[{"href":"https:\/\/cdnoticias.com\/index.php\/wp-json\/wp\/v2\/media?parent=139226"}],"wp:term":[{"taxonomy":"category","embeddable":true,"href":"https:\/\/cdnoticias.com\/index.php\/wp-json\/wp\/v2\/categories?post=139226"},{"taxonomy":"post_tag","embeddable":true,"href":"https:\/\/cdnoticias.com\/index.php\/wp-json\/wp\/v2\/tags?post=139226"}],"curies":[{"name":"wp","href":"https:\/\/api.w.org\/{rel}","templated":true}]}}