{"id":139206,"date":"2023-03-02T18:12:44","date_gmt":"2023-03-02T21:12:44","guid":{"rendered":"http:\/\/centraldeportes.com.ar\/?p=31168"},"modified":"2025-02-10T23:33:16","modified_gmt":"2025-02-11T02:33:16","slug":"estudiantes-y-el-fortin-tuvieron-un-encuentro-de-escuelitas","status":"publish","type":"post","link":"https:\/\/cdnoticias.com\/index.php\/2023\/03\/02\/estudiantes-y-el-fortin-tuvieron-un-encuentro-de-escuelitas\/","title":{"rendered":"Estudiantes y El Fort\u00edn tuvieron un encuentro de Escuelitas"},"content":{"rendered":"<p>El pasado martes se llev\u00f3 a cabo otro encuentro amistoso para las categor\u00edas Infantiles de Estudiantes y El Fort\u00edn.<!--more--><\/p>\n<hr \/>\n<p>En El Predio del Parque Guerrero, el \u201cBataraz\u201d recibi\u00f3 a El Fort\u00edn en las categor\u00edas 2012, 2013, 2014 y 2015 para jugar partidos amistosos.<\/p>\n<p>&nbsp;<\/p>\n<p>La jornada que se hab\u00eda repetido d\u00edas antes, volvi\u00f3 a contar con un importante marco de p\u00fablico.<\/p>\n","protected":false},"excerpt":{"rendered":"<p>El pasado martes se llev\u00f3 a cabo otro encuentro amistoso para las categor\u00edas Infantiles de Estudiantes y El Fort\u00edn.<\/p>\n","protected":false},"author":96739694,"featured_media":153564,"comment_status":"closed","ping_status":"closed","sticky":false,"template":"","format":"standard","meta":{"_jetpack_memberships_contains_paid_content":false,"footnotes":""},"categories":[35,40,1],"tags":[],"class_list":["post-139206","post","type-post","status-publish","format-standard","has-post-thumbnail","hentry","category-futbol","category-inferiores","category-portada"],"jetpack_featured_media_url":"https:\/\/i0.wp.com\/cdnoticias.com\/wp-content\/uploads\/2023\/03\/334212536_2696159933851771_1095419251890625549_n-e1677791553755.jpg?fit=2048%2C1254&ssl=1","jetpack_sharing_enabled":true,"_links":{"self":[{"href":"https:\/\/cdnoticias.com\/index.php\/wp-json\/wp\/v2\/posts\/139206","targetHints":{"allow":["GET"]}}],"collection":[{"href":"https:\/\/cdnoticias.com\/index.php\/wp-json\/wp\/v2\/posts"}],"about":[{"href":"https:\/\/cdnoticias.com\/index.php\/wp-json\/wp\/v2\/types\/post"}],"author":[{"embeddable":true,"href":"https:\/\/cdnoticias.com\/index.php\/wp-json\/wp\/v2\/users\/96739694"}],"replies":[{"embeddable":true,"href":"https:\/\/cdnoticias.com\/index.php\/wp-json\/wp\/v2\/comments?post=139206"}],"version-history":[{"count":0,"href":"https:\/\/cdnoticias.com\/index.php\/wp-json\/wp\/v2\/posts\/139206\/revisions"}],"wp:featuredmedia":[{"embeddable":true,"href":"https:\/\/cdnoticias.com\/index.php\/wp-json\/wp\/v2\/media\/153564"}],"wp:attachment":[{"href":"https:\/\/cdnoticias.com\/index.php\/wp-json\/wp\/v2\/media?parent=139206"}],"wp:term":[{"taxonomy":"category","embeddable":true,"href":"https:\/\/cdnoticias.com\/index.php\/wp-json\/wp\/v2\/categories?post=139206"},{"taxonomy":"post_tag","embeddable":true,"href":"https:\/\/cdnoticias.com\/index.php\/wp-json\/wp\/v2\/tags?post=139206"}],"curies":[{"name":"wp","href":"https:\/\/api.w.org\/{rel}","templated":true}]}}