{"id":139205,"date":"2023-03-02T18:07:27","date_gmt":"2023-03-02T21:07:27","guid":{"rendered":"http:\/\/centraldeportes.com.ar\/?p=31164"},"modified":"2025-02-10T23:33:19","modified_gmt":"2025-02-11T02:33:19","slug":"marzo-con-m-de-muchos-partidos-en-la-liga-federal","status":"publish","type":"post","link":"https:\/\/cdnoticias.com\/index.php\/2023\/03\/02\/marzo-con-m-de-muchos-partidos-en-la-liga-federal\/","title":{"rendered":"Marzo con \u201cM\u201d de muchos partidos en la Liga Federal"},"content":{"rendered":"<p>Arranc\u00f3 un nuevo mes de competencia en la tercera categor\u00eda del b\u00e1squet nacional y los dos representantes olavarrienses completar\u00e1n una gran cantidad de partidos de la Regi\u00f3n Sudeste.<!--more--><\/p>\n<hr \/>\n<p>Estudiantes y Racing contin\u00faan con sus presentaciones en La Liga Federal y marzo ser\u00e1 un mes con muchos partidos para ambos.<\/p>\n<p>&nbsp;<\/p>\n<p>El \u201cBataraz\u201d, tendr\u00e1 seis de los 20 partidos de la primera ronda del certamen y su primer partido ser\u00e1 el venidero domingo desde las 20:00 cuando reciba a Kimberley en el Maxigimnasio del Parque Guerrero.<\/p>\n<p>&nbsp;<\/p>\n<p>Adem\u00e1s, los dirigidos por Manuel Gonz\u00e1lez deber\u00e1n afrontar dos giras, primero en La Plata donde enfrentar\u00e1 a Estudiantes primero y a Atenas despu\u00e9s los d\u00edas 8 y 9 de marzo y luego viajar\u00e1 a Mar del Plata para jugar frente a Kimberley y a Uni\u00f3n entre el 25 y 26.<\/p>\n<p>&nbsp;<\/p>\n\n<p>&nbsp;<\/p>\n<p>Por \u00faltimo, el \u00faltimo d\u00eda del mes, el \u201cBata\u201d ser\u00e1 anfitri\u00f3n de Atl\u00e9tico Villegas.<\/p>\n<p>&nbsp;<\/p>\n<p>Por el lado \u201cChaira\u201d, sus pr\u00f3ximas presentaciones ser\u00e1n en condici\u00f3n de visitante ya que visitar\u00e1 a Atl\u00e9tico Villegas y All Boys los d\u00edas 11 y 12 en lo que ser\u00e1n la mitad de los cotejos.<\/p>\n<p>&nbsp;<\/p>\n<p>Luego, en su \u00fanica presentaci\u00f3n de local en el Parque Olavarr\u00eda, recibir\u00e1 a Uni\u00f3n el jueves 16 y por \u00faltimo, viajar\u00e1 a Tandil para jugar el desquite contra Independiente el jueves 23.<\/p>\n","protected":false},"excerpt":{"rendered":"<p>Arranc\u00f3 un nuevo mes de competencia en la tercera categor\u00eda del b\u00e1squet nacional y los dos representantes olavarrienses completar\u00e1n una<\/p>\n","protected":false},"author":96739694,"featured_media":153569,"comment_status":"closed","ping_status":"closed","sticky":false,"template":"","format":"standard","meta":{"_jetpack_memberships_contains_paid_content":false,"footnotes":""},"categories":[31,1,57],"tags":[],"class_list":["post-139205","post","type-post","status-publish","format-standard","has-post-thumbnail","hentry","category-basquet","category-portada","category-torneo-federal"],"jetpack_featured_media_url":"https:\/\/i0.wp.com\/cdnoticias.com\/wp-content\/uploads\/2023\/02\/cae-indep-pico-fed-8.jpeg?fit=1500%2C1000&ssl=1","jetpack_sharing_enabled":true,"_links":{"self":[{"href":"https:\/\/cdnoticias.com\/index.php\/wp-json\/wp\/v2\/posts\/139205","targetHints":{"allow":["GET"]}}],"collection":[{"href":"https:\/\/cdnoticias.com\/index.php\/wp-json\/wp\/v2\/posts"}],"about":[{"href":"https:\/\/cdnoticias.com\/index.php\/wp-json\/wp\/v2\/types\/post"}],"author":[{"embeddable":true,"href":"https:\/\/cdnoticias.com\/index.php\/wp-json\/wp\/v2\/users\/96739694"}],"replies":[{"embeddable":true,"href":"https:\/\/cdnoticias.com\/index.php\/wp-json\/wp\/v2\/comments?post=139205"}],"version-history":[{"count":0,"href":"https:\/\/cdnoticias.com\/index.php\/wp-json\/wp\/v2\/posts\/139205\/revisions"}],"wp:featuredmedia":[{"embeddable":true,"href":"https:\/\/cdnoticias.com\/index.php\/wp-json\/wp\/v2\/media\/153569"}],"wp:attachment":[{"href":"https:\/\/cdnoticias.com\/index.php\/wp-json\/wp\/v2\/media?parent=139205"}],"wp:term":[{"taxonomy":"category","embeddable":true,"href":"https:\/\/cdnoticias.com\/index.php\/wp-json\/wp\/v2\/categories?post=139205"},{"taxonomy":"post_tag","embeddable":true,"href":"https:\/\/cdnoticias.com\/index.php\/wp-json\/wp\/v2\/tags?post=139205"}],"curies":[{"name":"wp","href":"https:\/\/api.w.org\/{rel}","templated":true}]}}