{"id":139194,"date":"2023-02-28T17:26:44","date_gmt":"2023-02-28T20:26:44","guid":{"rendered":"http:\/\/centraldeportes.com.ar\/?p=31093"},"modified":"2025-02-10T23:31:18","modified_gmt":"2025-02-11T02:31:18","slug":"tres-categorias-para-completar-otra-fecha-del-circuito-de-verano","status":"publish","type":"post","link":"https:\/\/cdnoticias.com\/index.php\/2023\/02\/28\/tres-categorias-para-completar-otra-fecha-del-circuito-de-verano\/","title":{"rendered":"Tres categor\u00edas para completar otra fecha del Circuito de Verano"},"content":{"rendered":"<p>El torneo tradicional de verano organizado por la Agrupaci\u00f3n Civil Olavarriense de P\u00e1del complet\u00f3 el pasado fin de semana una nueva fecha.<!--more--><\/p>\n<hr \/>\n<p>&nbsp;<\/p>\n<p>Las categor\u00edas Impares tuvieron la disputa de la tercera fecha del Circuito de Verano en los diferentes complejos locales.<\/p>\n<p>&nbsp;<\/p>\n<p>En lo que respecta a resultados, Manuel Cabello y Santiago Sarra se quedaron con el t\u00edtulo en Quinta Caballeros al vencer a la dupla conformada por Nandor Nanton y Nahuel Medina por 2\/6, 6\/2 y 6\/3 en la final disputada en las canchas de El Triunfo.<\/p>\n<p>&nbsp;<\/p>\n<p>Walter Acosta y Cristian Wiechniak se llevaron la tercera ronda del calendario en S\u00e9ptima Caballeros al vencer a la pareja conformada por Franco Olivetti y Alan Benz por un marcador de 3\/6, 6\/2 y 6\/1. El partido se disput\u00f3 en Las Terrazzas.<\/p>\n<p>&nbsp;<\/p>\n<p>Entre las Damas, Macarena Guanuco y Sof\u00eda De Lazzer se llevaron el torneo disputado en Club de Amigos al vencer por un doble 6\/1 a la dupla conformada por Gabriela Gil y Laura Izzi.<\/p>\n<p>&nbsp;<\/p>\n<p>El venidero fin de semana se viene la cuarta ronda para la categor\u00eda pares.<\/p>\n","protected":false},"excerpt":{"rendered":"<p>El torneo tradicional de verano organizado por la Agrupaci\u00f3n Civil Olavarriense de P\u00e1del complet\u00f3 el pasado fin de semana una<\/p>\n","protected":false},"author":96739694,"featured_media":153500,"comment_status":"closed","ping_status":"closed","sticky":false,"template":"","format":"standard","meta":{"_jetpack_memberships_contains_paid_content":false,"footnotes":""},"categories":[30,1],"tags":[],"class_list":["post-139194","post","type-post","status-publish","format-standard","has-post-thumbnail","hentry","category-polideportivo","category-portada"],"jetpack_featured_media_url":"https:\/\/i0.wp.com\/cdnoticias.com\/wp-content\/uploads\/2023\/02\/333818286_724979085767494_3582050608130125467_n-e1677615992320.jpg?fit=1440%2C936&ssl=1","jetpack_sharing_enabled":true,"_links":{"self":[{"href":"https:\/\/cdnoticias.com\/index.php\/wp-json\/wp\/v2\/posts\/139194","targetHints":{"allow":["GET"]}}],"collection":[{"href":"https:\/\/cdnoticias.com\/index.php\/wp-json\/wp\/v2\/posts"}],"about":[{"href":"https:\/\/cdnoticias.com\/index.php\/wp-json\/wp\/v2\/types\/post"}],"author":[{"embeddable":true,"href":"https:\/\/cdnoticias.com\/index.php\/wp-json\/wp\/v2\/users\/96739694"}],"replies":[{"embeddable":true,"href":"https:\/\/cdnoticias.com\/index.php\/wp-json\/wp\/v2\/comments?post=139194"}],"version-history":[{"count":0,"href":"https:\/\/cdnoticias.com\/index.php\/wp-json\/wp\/v2\/posts\/139194\/revisions"}],"wp:featuredmedia":[{"embeddable":true,"href":"https:\/\/cdnoticias.com\/index.php\/wp-json\/wp\/v2\/media\/153500"}],"wp:attachment":[{"href":"https:\/\/cdnoticias.com\/index.php\/wp-json\/wp\/v2\/media?parent=139194"}],"wp:term":[{"taxonomy":"category","embeddable":true,"href":"https:\/\/cdnoticias.com\/index.php\/wp-json\/wp\/v2\/categories?post=139194"},{"taxonomy":"post_tag","embeddable":true,"href":"https:\/\/cdnoticias.com\/index.php\/wp-json\/wp\/v2\/tags?post=139194"}],"curies":[{"name":"wp","href":"https:\/\/api.w.org\/{rel}","templated":true}]}}