{"id":139188,"date":"2023-02-27T19:23:31","date_gmt":"2023-02-27T22:23:31","guid":{"rendered":"http:\/\/centraldeportes.com.ar\/?p=31062"},"modified":"2025-02-10T23:31:33","modified_gmt":"2025-02-11T02:31:33","slug":"primer-puesto-para-los-lobos-en-viedma","status":"publish","type":"post","link":"https:\/\/cdnoticias.com\/index.php\/2023\/02\/27\/primer-puesto-para-los-lobos-en-viedma\/","title":{"rendered":"Primer puesto para Los Lobos en Viedma"},"content":{"rendered":"<p>El pasado fin de semana, Los Lobos iniciaron la competencia oficial del 2023 y terminaron subi\u00e9ndose a lo m\u00e1s alto del podio en un Torneo Nacional en Viedma.<!--more--><\/p>\n<hr \/>\n<p>El equipo representante del Club Pueblo Nuevo se present\u00f3 en la categor\u00eda +60 y derrot\u00f3 en la definici\u00f3n, disputada en la ma\u00f1ana del domingo, al representativo de Lamarque por 2 a 0, con parciales de 15\/12 y 15\/13.<\/p>\n<p>&nbsp;<\/p>\n<p>Previamente, hab\u00edan accedido de forma invicta a la Final al derrotar en la Zona de Grupos a El Ba\u00f1ado de Carmen de Patagones por 2 a 0 (15\/12 y 15\/10), Picum Leufu por 2 a 0 (15\/9 y15\/ 3), Boulevard El C\u00f3ndor por 2 a 1 (13\/15, 15\/5 y 10\/1) y San Javier por 2 a 0 (15\/5 y 15\/3).<\/p>\n<p>&nbsp;<\/p>\n<p>El equipo campe\u00f3n estuvo compuesto por Juan Scrimizzi, Dora Merlo, Liliana Dom\u00ednguez, Oscar Rivera, Miguel Borghi, Luis Martel y Gabriel Rosatto, adem\u00e1s de los refuerzos del CEF 101 de 9 de Julio, Claudio Di Pietro, Sonia Alonso y Cecilia Aramburu.<\/p>\n","protected":false},"excerpt":{"rendered":"<p>El pasado fin de semana, Los Lobos iniciaron la competencia oficial del 2023 y terminaron subi\u00e9ndose a lo m\u00e1s alto<\/p>\n","protected":false},"author":96739694,"featured_media":153527,"comment_status":"closed","ping_status":"closed","sticky":false,"template":"","format":"standard","meta":{"_jetpack_memberships_contains_paid_content":false,"footnotes":""},"categories":[30,1],"tags":[],"class_list":["post-139188","post","type-post","status-publish","format-standard","has-post-thumbnail","hentry","category-polideportivo","category-portada"],"jetpack_featured_media_url":"https:\/\/i0.wp.com\/cdnoticias.com\/wp-content\/uploads\/2023\/02\/newcom.jpg?fit=800%2C445&ssl=1","jetpack_sharing_enabled":true,"_links":{"self":[{"href":"https:\/\/cdnoticias.com\/index.php\/wp-json\/wp\/v2\/posts\/139188","targetHints":{"allow":["GET"]}}],"collection":[{"href":"https:\/\/cdnoticias.com\/index.php\/wp-json\/wp\/v2\/posts"}],"about":[{"href":"https:\/\/cdnoticias.com\/index.php\/wp-json\/wp\/v2\/types\/post"}],"author":[{"embeddable":true,"href":"https:\/\/cdnoticias.com\/index.php\/wp-json\/wp\/v2\/users\/96739694"}],"replies":[{"embeddable":true,"href":"https:\/\/cdnoticias.com\/index.php\/wp-json\/wp\/v2\/comments?post=139188"}],"version-history":[{"count":0,"href":"https:\/\/cdnoticias.com\/index.php\/wp-json\/wp\/v2\/posts\/139188\/revisions"}],"wp:featuredmedia":[{"embeddable":true,"href":"https:\/\/cdnoticias.com\/index.php\/wp-json\/wp\/v2\/media\/153527"}],"wp:attachment":[{"href":"https:\/\/cdnoticias.com\/index.php\/wp-json\/wp\/v2\/media?parent=139188"}],"wp:term":[{"taxonomy":"category","embeddable":true,"href":"https:\/\/cdnoticias.com\/index.php\/wp-json\/wp\/v2\/categories?post=139188"},{"taxonomy":"post_tag","embeddable":true,"href":"https:\/\/cdnoticias.com\/index.php\/wp-json\/wp\/v2\/tags?post=139188"}],"curies":[{"name":"wp","href":"https:\/\/api.w.org\/{rel}","templated":true}]}}