{"id":139186,"date":"2023-02-27T16:00:34","date_gmt":"2023-02-27T19:00:34","guid":{"rendered":"http:\/\/centraldeportes.com.ar\/?p=31032"},"modified":"2025-02-10T23:31:36","modified_gmt":"2025-02-11T02:31:36","slug":"terminaron-las-vacaciones-para-dos-categorias-de-colonias-y-cerros","status":"publish","type":"post","link":"https:\/\/cdnoticias.com\/index.php\/2023\/02\/27\/terminaron-las-vacaciones-para-dos-categorias-de-colonias-y-cerros\/","title":{"rendered":"Terminaron las vacaciones para dos categor\u00edas de Colonias y Cerros"},"content":{"rendered":"<p>El pasado s\u00e1bado y en diferentes escenarios dio inicio la 9\u00b0 temporada de Colonias y Cerros con el comienzo de dos categor\u00edas.<!--more--><\/p>\n<hr \/>\n<p>La categor\u00eda m\u00e1s convocante del f\u00fatbol amateur olavarriense termin\u00f3 con el receso y dos divisionales jugaron la fecha inaugural.<\/p>\n<p>&nbsp;<\/p>\n<p>En Primera Divisi\u00f3n pondr\u00e1n en juego la Copa Jos\u00e9 Atilio Coco Machado\u201d y en la categor\u00eda +35 de Veteranos honrar\u00e1n a Facundo \u201cCufa\u201d Ancarani.<\/p>\n<p>&nbsp;<\/p>\n<p>[soliloquy id=&#8221;31034&#8243;]<\/p>\n<p>&nbsp;<\/p>\n<p>Los resultados:<\/p>\n<p>Primera:<\/p>\n<p>Zona A:<\/p>\n<p>Amparo Castro 1 \u2013 0 SOECO<\/p>\n<p>Sierra Chica 1 \u2013 0 Riff<\/p>\n<p>La Estancia 2 \u2013 2 Luz y Fuerza<\/p>\n<p>Bataraz 5 \u2013 2 Mitre<\/p>\n<p>Nicol\u00e1s Avellaneda 5 \u2013 4 Quilmes<\/p>\n<p>Ingenier\u00eda 3 \u2013 3 Atl\u00e9tico Maradona<\/p>\n<p>Zona B:<\/p>\n<p>La Churra 1 \u2013 4 Santa Agueda<\/p>\n<p>Juventud 0 \u2013 1 Villa Mi Serran\u00eda<\/p>\n<p>Viejo Atl\u00e9tico 3 \u2013 0 Independiente VAF<\/p>\n<p>Burbuja 78 3 \u2013 0 Atlanta<\/p>\n<p>Juvenil 79 1 \u2013 2 Pe\u00f1a de Boca<\/p>\n<p>Juventud Antoniana 0 \u2013 3 Mariano Moreno<\/p>\n<p>&nbsp;<\/p>\n<p>Veteranos:<\/p>\n<p>+35:<\/p>\n<p>Municipales 1 \u2013 2 Agro San Jos\u00e9<\/p>\n<p>El Fort\u00edn 1 \u2013 0 Racing<\/p>\n<p>Amparo Castro 1 \u2013 1 Santa Agueda<\/p>\n<p>Hinojo 4 \u2013 0 Independiente Colonia San Miguel<\/p>\n<p>Le\u00f3n Serrano 4 \u2013 0 La Academia<\/p>\n<p>Hausgwagen 1 \u2013 5 Dale que Va<\/p>\n<p>Mariano Moreno 8 \u2013 2 Chacarita<\/p>\n<p>Libre: Club de Amigos<\/p>\n","protected":false},"excerpt":{"rendered":"<p>El pasado s\u00e1bado y en diferentes escenarios dio inicio la 9\u00b0 temporada de Colonias y Cerros con el comienzo de<\/p>\n","protected":false},"author":96739694,"featured_media":153533,"comment_status":"closed","ping_status":"closed","sticky":false,"template":"","format":"standard","meta":{"_jetpack_memberships_contains_paid_content":false,"footnotes":""},"categories":[45,35,1],"tags":[],"class_list":["post-139186","post","type-post","status-publish","format-standard","has-post-thumbnail","hentry","category-colonias-y-cerros","category-futbol","category-portada"],"jetpack_featured_media_url":"https:\/\/i0.wp.com\/cdnoticias.com\/wp-content\/uploads\/2023\/02\/cyc-primerafecha-3.jpg?fit=1280%2C853&ssl=1","jetpack_sharing_enabled":true,"_links":{"self":[{"href":"https:\/\/cdnoticias.com\/index.php\/wp-json\/wp\/v2\/posts\/139186","targetHints":{"allow":["GET"]}}],"collection":[{"href":"https:\/\/cdnoticias.com\/index.php\/wp-json\/wp\/v2\/posts"}],"about":[{"href":"https:\/\/cdnoticias.com\/index.php\/wp-json\/wp\/v2\/types\/post"}],"author":[{"embeddable":true,"href":"https:\/\/cdnoticias.com\/index.php\/wp-json\/wp\/v2\/users\/96739694"}],"replies":[{"embeddable":true,"href":"https:\/\/cdnoticias.com\/index.php\/wp-json\/wp\/v2\/comments?post=139186"}],"version-history":[{"count":0,"href":"https:\/\/cdnoticias.com\/index.php\/wp-json\/wp\/v2\/posts\/139186\/revisions"}],"wp:featuredmedia":[{"embeddable":true,"href":"https:\/\/cdnoticias.com\/index.php\/wp-json\/wp\/v2\/media\/153533"}],"wp:attachment":[{"href":"https:\/\/cdnoticias.com\/index.php\/wp-json\/wp\/v2\/media?parent=139186"}],"wp:term":[{"taxonomy":"category","embeddable":true,"href":"https:\/\/cdnoticias.com\/index.php\/wp-json\/wp\/v2\/categories?post=139186"},{"taxonomy":"post_tag","embeddable":true,"href":"https:\/\/cdnoticias.com\/index.php\/wp-json\/wp\/v2\/tags?post=139186"}],"curies":[{"name":"wp","href":"https:\/\/api.w.org\/{rel}","templated":true}]}}