{"id":139172,"date":"2023-02-25T18:27:02","date_gmt":"2023-02-25T21:27:02","guid":{"rendered":"http:\/\/centraldeportes.com.ar\/?p=30930"},"modified":"2023-02-25T18:27:02","modified_gmt":"2023-02-25T21:27:02","slug":"los-juveniles-pusieron-primera-comenzo-el-torneo-simon-vivas-2","status":"publish","type":"post","link":"https:\/\/cdnoticias.com\/index.php\/2023\/02\/25\/los-juveniles-pusieron-primera-comenzo-el-torneo-simon-vivas-2\/","title":{"rendered":"Los juveniles pusieron primera: comenz\u00f3 el torneo \u201cSim\u00f3n Vivas\u201d"},"content":{"rendered":"<p>Este s\u00e1bado, las Divisiones Inferiores disputaron la 1\u00b0 fecha del Torneo Preparaci\u00f3n con jornada completa y acci\u00f3n en todas las categor\u00edas.<!--more--><\/p>\n<hr \/>\n<p><strong>Se puso en marcha el primer certamen oficial del a\u00f1o organizado por el Departamento de F\u00fatbol Menor<\/strong> de la LFO, que d\u00edas atr\u00e1s la Comisi\u00f3n Directiva decidi\u00f3 que lleve el nombre del recordado <a href=\"https:\/\/centraldeportes.com.ar\/la-liga-de-futbol-de-olavarria-homenajeara-a-simon-vivas\/\">Sim\u00f3n Vivas<\/a>.<\/p>\n<p>&nbsp;<\/p>\n<p>Con acci\u00f3n en todas las categor\u00edas, <strong>la 1\u00b0 fecha tuvo en su haber 19 partidos<\/strong> disputados en distintos escenarios de la ciudad <strong>y se registr\u00f3 un total de 71 goles<\/strong> entre todos los cotejos. Adem\u00e1s, hubo sentidos homenajes en recuerdo del joven que se desempe\u00f1aba en la Novena del elenco &#8220;Fortinero&#8221;.<\/p>\n<p>&nbsp;<\/p>\n<p>Los cruces entre Racing \u2013 Embajadores y Loma Negra \u2013 Ferro fueron los \u00fanicos con actividad en todas las categor\u00edas, por lo cual hubo divisi\u00f3n de local\u00edas. Asimismo, <strong>El Fort\u00edn fue el equipo que cumpli\u00f3 fecha libre en la jornada<\/strong>.<\/p>\n<p>&nbsp;<\/p>\n<p>[soliloquy id=&#8221;30908&#8243;]<\/p>\n<p>&nbsp;<\/p>\n<h6><strong>Resultados:<\/strong><\/h6>\n<p>&nbsp;<\/p>\n<p><strong>En D\u00e9cima<\/strong>:<\/p>\n<p>Sierra Chica <strong>0<\/strong> \u2013 <strong>1<\/strong> San Mart\u00edn<\/p>\n<p>Racing <strong>1<\/strong> \u2013 <strong>5<\/strong> Embajadores<\/p>\n<p>Loma Negra <strong>1<\/strong> \u2013 <strong>2<\/strong> Ferro<\/p>\n<p>&nbsp;<\/p>\n<p><strong>En Novena<\/strong>:<\/p>\n<p>Racing <strong>1<\/strong> \u2013 <strong>2<\/strong> Embajadores<\/p>\n<p>Loma Negra <strong>0<\/strong> \u2013 <strong>5<\/strong> Ferro<\/p>\n<p>&nbsp;<\/p>\n<p><strong>En Octava<\/strong>:<\/p>\n<p>Sierra Chica <strong>0<\/strong> \u2013 <strong>1<\/strong> San Mart\u00edn<\/p>\n<p>Racing <strong>1<\/strong> \u2013 <strong>2<\/strong> Embajadores<\/p>\n<p>Hinojo<strong> 1<\/strong> \u2013 <strong>3<\/strong> Luj\u00e1n<\/p>\n<p>Loma Negra <strong>0<\/strong> \u2013 <strong>4<\/strong> Ferro<\/p>\n<p>&nbsp;<\/p>\n<p><strong>En S\u00e9ptima<\/strong>:<\/p>\n<p>Embajadores <strong>6<\/strong> \u2013 <strong>1<\/strong> Racing<\/p>\n<p>Ferro <strong>0<\/strong> \u2013 <strong>1<\/strong> Loma Negra<\/p>\n<p>&nbsp;<\/p>\n<p><strong>En Sexta<\/strong>:<\/p>\n<p>Embajadores <strong>2<\/strong> \u2013 <strong>3<\/strong> Racing<\/p>\n<p>Hinojo <strong>2<\/strong> \u2013 <strong>3<\/strong> Luj\u00e1n<\/p>\n<p>Ferro <strong>1<\/strong> \u2013 <strong>0<\/strong> Loma Negra<\/p>\n<p>Municipales <strong>0<\/strong> \u2013 <strong>5<\/strong> Estudiantes<\/p>\n<p>&nbsp;<\/p>\n<p><strong>En Quinta<\/strong>:<\/p>\n<p>Sierra Chica <strong>3<\/strong> \u2013 <strong>2<\/strong> San Mart\u00edn<\/p>\n<p>Embajadores <strong>7<\/strong> \u2013 <strong>0<\/strong> Racing<\/p>\n<p>Municipales <strong>0<\/strong> \u2013 <strong>3<\/strong> Estudiantes<\/p>\n<p>Ferro <strong>2<\/strong> \u2013 <strong>0<\/strong> Loma Negra<\/p>\n","protected":false},"excerpt":{"rendered":"<p>Este s\u00e1bado, las Divisiones Inferiores disputaron la 1\u00b0 fecha del Torneo Preparaci\u00f3n con jornada completa y acci\u00f3n en todas las<\/p>\n","protected":false},"author":96739695,"featured_media":30913,"comment_status":"closed","ping_status":"closed","sticky":false,"template":"","format":"standard","meta":{"_jetpack_memberships_contains_paid_content":false,"footnotes":""},"categories":[35,40,1],"tags":[],"class_list":["post-139172","post","type-post","status-publish","format-standard","has-post-thumbnail","hentry","category-futbol","category-inferiores","category-portada"],"jetpack_featured_media_url":"","jetpack_sharing_enabled":true,"_links":{"self":[{"href":"https:\/\/cdnoticias.com\/index.php\/wp-json\/wp\/v2\/posts\/139172","targetHints":{"allow":["GET"]}}],"collection":[{"href":"https:\/\/cdnoticias.com\/index.php\/wp-json\/wp\/v2\/posts"}],"about":[{"href":"https:\/\/cdnoticias.com\/index.php\/wp-json\/wp\/v2\/types\/post"}],"author":[{"embeddable":true,"href":"https:\/\/cdnoticias.com\/index.php\/wp-json\/wp\/v2\/users\/96739695"}],"replies":[{"embeddable":true,"href":"https:\/\/cdnoticias.com\/index.php\/wp-json\/wp\/v2\/comments?post=139172"}],"version-history":[{"count":0,"href":"https:\/\/cdnoticias.com\/index.php\/wp-json\/wp\/v2\/posts\/139172\/revisions"}],"wp:featuredmedia":[{"embeddable":true,"href":"https:\/\/cdnoticias.com\/index.php\/wp-json\/"}],"wp:attachment":[{"href":"https:\/\/cdnoticias.com\/index.php\/wp-json\/wp\/v2\/media?parent=139172"}],"wp:term":[{"taxonomy":"category","embeddable":true,"href":"https:\/\/cdnoticias.com\/index.php\/wp-json\/wp\/v2\/categories?post=139172"},{"taxonomy":"post_tag","embeddable":true,"href":"https:\/\/cdnoticias.com\/index.php\/wp-json\/wp\/v2\/tags?post=139172"}],"curies":[{"name":"wp","href":"https:\/\/api.w.org\/{rel}","templated":true}]}}