{"id":139159,"date":"2023-02-23T17:21:06","date_gmt":"2023-02-23T20:21:06","guid":{"rendered":"http:\/\/centraldeportes.com.ar\/?p=30797"},"modified":"2025-02-10T23:29:08","modified_gmt":"2025-02-11T02:29:08","slug":"joaquin-yakiche-nuevamente-citado-a-casa-puma","status":"publish","type":"post","link":"https:\/\/cdnoticias.com\/index.php\/2023\/02\/23\/joaquin-yakiche-nuevamente-citado-a-casa-puma\/","title":{"rendered":"Joaqu\u00edn Yakiche nuevamente citado a Casa Puma"},"content":{"rendered":"<p>Un jugador de Estudiantes nuevamente estar\u00e1 citado en la Selecci\u00f3n Argentina y realizar\u00e1 entrenamientos en Casa Puma.<!--more--><\/p>\n<hr \/>\n<p>Joaqu\u00edn Yakiche fue citado nuevamente a una concentraci\u00f3n nacional y el pr\u00f3ximo lunes 27 de febrero en Casa Puma se sumar\u00e1 a los entrenamientos.<\/p>\n<p>&nbsp;<\/p>\n<p>El \u201cBataraz\u201d de 18 a\u00f1os es convocado frecuente en los elencos nacionales juveniles e inicia el 2023 con una nueva convocatoria.<\/p>\n<p>&nbsp;<\/p>\n<p>Fuente: Prensa CAE<\/p>\n","protected":false},"excerpt":{"rendered":"<p>Un jugador de Estudiantes nuevamente estar\u00e1 citado en la Selecci\u00f3n Argentina y realizar\u00e1 entrenamientos en Casa Puma.<\/p>\n","protected":false},"author":96739694,"featured_media":153418,"comment_status":"closed","ping_status":"closed","sticky":false,"template":"","format":"standard","meta":{"_jetpack_memberships_contains_paid_content":false,"footnotes":""},"categories":[30,1],"tags":[],"class_list":["post-139159","post","type-post","status-publish","format-standard","has-post-thumbnail","hentry","category-polideportivo","category-portada"],"jetpack_featured_media_url":"https:\/\/i0.wp.com\/cdnoticias.com\/wp-content\/uploads\/2023\/02\/331747777_586354870011031_3551727807408792284_n-e1677183641574.jpg?fit=2048%2C1249&ssl=1","jetpack_sharing_enabled":true,"_links":{"self":[{"href":"https:\/\/cdnoticias.com\/index.php\/wp-json\/wp\/v2\/posts\/139159","targetHints":{"allow":["GET"]}}],"collection":[{"href":"https:\/\/cdnoticias.com\/index.php\/wp-json\/wp\/v2\/posts"}],"about":[{"href":"https:\/\/cdnoticias.com\/index.php\/wp-json\/wp\/v2\/types\/post"}],"author":[{"embeddable":true,"href":"https:\/\/cdnoticias.com\/index.php\/wp-json\/wp\/v2\/users\/96739694"}],"replies":[{"embeddable":true,"href":"https:\/\/cdnoticias.com\/index.php\/wp-json\/wp\/v2\/comments?post=139159"}],"version-history":[{"count":0,"href":"https:\/\/cdnoticias.com\/index.php\/wp-json\/wp\/v2\/posts\/139159\/revisions"}],"wp:featuredmedia":[{"embeddable":true,"href":"https:\/\/cdnoticias.com\/index.php\/wp-json\/wp\/v2\/media\/153418"}],"wp:attachment":[{"href":"https:\/\/cdnoticias.com\/index.php\/wp-json\/wp\/v2\/media?parent=139159"}],"wp:term":[{"taxonomy":"category","embeddable":true,"href":"https:\/\/cdnoticias.com\/index.php\/wp-json\/wp\/v2\/categories?post=139159"},{"taxonomy":"post_tag","embeddable":true,"href":"https:\/\/cdnoticias.com\/index.php\/wp-json\/wp\/v2\/tags?post=139159"}],"curies":[{"name":"wp","href":"https:\/\/api.w.org\/{rel}","templated":true}]}}