{"id":139157,"date":"2023-02-23T15:08:45","date_gmt":"2023-02-23T18:08:45","guid":{"rendered":"http:\/\/centraldeportes.com.ar\/?p=30786"},"modified":"2025-02-10T23:26:04","modified_gmt":"2025-02-11T02:26:04","slug":"chingotto-y-garrido-se-despidieron-del-master-de-abu-dabi","status":"publish","type":"post","link":"https:\/\/cdnoticias.com\/index.php\/2023\/02\/23\/chingotto-y-garrido-se-despidieron-del-master-de-abu-dabi\/","title":{"rendered":"Chingotto y Garrido se despidieron del M\u00e1ster de Abu Dabi"},"content":{"rendered":"<p>Este jueves fue derrota para Federico Chingotto y Javier Garrido ante Iv\u00e1n Ram\u00edrez del Campo y Pablo Cardona en el primer evento de la temporada.<!--more--><\/p>\n<hr \/>\n<p>Chingotto y Garrido cayeron por 6\/2 y 6\/3 ante Ram\u00edrez del Campo y Cardona Huerta en la instancia de Octavos de Final del M\u00e1ster de Abu Dabi, primer evento de la temporada.<\/p>\n<p>&nbsp;<\/p>\n<p>El duelo que marc\u00f3 el clasificado a los Cuartos de Final se disput\u00f3 en el escenario n\u00famero 3 que se disputa en la capital de Emiratos \u00c1rabes Unidos y fue con derrota para la pareja del olavarriense y el cordob\u00e9s que se preparar\u00e1n para el Open de La Rioja.<\/p>\n","protected":false},"excerpt":{"rendered":"<p>Este jueves fue derrota para Federico Chingotto y Javier Garrido ante Iv\u00e1n Ram\u00edrez del Campo y Pablo Cardona en el<\/p>\n","protected":false},"author":96739694,"featured_media":153312,"comment_status":"closed","ping_status":"closed","sticky":false,"template":"","format":"standard","meta":{"_jetpack_memberships_contains_paid_content":false,"footnotes":""},"categories":[30,1],"tags":[],"class_list":["post-139157","post","type-post","status-publish","format-standard","has-post-thumbnail","hentry","category-polideportivo","category-portada"],"jetpack_featured_media_url":"https:\/\/i0.wp.com\/cdnoticias.com\/wp-content\/uploads\/2023\/02\/Sin-t%C3%ADtulo.png?fit=675%2C373&ssl=1","jetpack_sharing_enabled":true,"_links":{"self":[{"href":"https:\/\/cdnoticias.com\/index.php\/wp-json\/wp\/v2\/posts\/139157","targetHints":{"allow":["GET"]}}],"collection":[{"href":"https:\/\/cdnoticias.com\/index.php\/wp-json\/wp\/v2\/posts"}],"about":[{"href":"https:\/\/cdnoticias.com\/index.php\/wp-json\/wp\/v2\/types\/post"}],"author":[{"embeddable":true,"href":"https:\/\/cdnoticias.com\/index.php\/wp-json\/wp\/v2\/users\/96739694"}],"replies":[{"embeddable":true,"href":"https:\/\/cdnoticias.com\/index.php\/wp-json\/wp\/v2\/comments?post=139157"}],"version-history":[{"count":0,"href":"https:\/\/cdnoticias.com\/index.php\/wp-json\/wp\/v2\/posts\/139157\/revisions"}],"wp:featuredmedia":[{"embeddable":true,"href":"https:\/\/cdnoticias.com\/index.php\/wp-json\/wp\/v2\/media\/153312"}],"wp:attachment":[{"href":"https:\/\/cdnoticias.com\/index.php\/wp-json\/wp\/v2\/media?parent=139157"}],"wp:term":[{"taxonomy":"category","embeddable":true,"href":"https:\/\/cdnoticias.com\/index.php\/wp-json\/wp\/v2\/categories?post=139157"},{"taxonomy":"post_tag","embeddable":true,"href":"https:\/\/cdnoticias.com\/index.php\/wp-json\/wp\/v2\/tags?post=139157"}],"curies":[{"name":"wp","href":"https:\/\/api.w.org\/{rel}","templated":true}]}}