{"id":139156,"date":"2023-02-23T14:47:26","date_gmt":"2023-02-23T17:47:26","guid":{"rendered":"http:\/\/centraldeportes.com.ar\/?p=30781"},"modified":"2025-02-10T23:26:05","modified_gmt":"2025-02-11T02:26:05","slug":"finalizo-en-estudiantes-la-copa-pretemporada","status":"publish","type":"post","link":"https:\/\/cdnoticias.com\/index.php\/2023\/02\/23\/finalizo-en-estudiantes-la-copa-pretemporada\/","title":{"rendered":"Finaliz\u00f3 en Estudiantes la Copa Pretemporada"},"content":{"rendered":"<p>Organizado por la Subcomisi\u00f3n de Hockey del Club Estudiantes, se llev\u00f3 a cabo la \u201cCopa Pretemporada\u201d en el Parque Guerrero y el pasado lunes concluy\u00f3 la actividad con festejos para Bella Vista.<!--more--><\/p>\n<hr \/>\n<p>En la tarde del lunes y tras much\u00edsimos partidos durante tres d\u00edas de competencia en la que tambi\u00e9n lo social y lo recreativo fueron parte, lleg\u00f3 a su fin el certamen \u201calbinegro\u201d que reuni\u00f3 a cuatro clubes.<\/p>\n<p>&nbsp;<\/p>\n<p>Regatas de Bella Vista fue el ganador tanto en Primera como en Intermedia.<\/p>\n<p>&nbsp;<\/p>\n<p><img data-recalc-dims=\"1\" loading=\"lazy\" decoding=\"async\" class=\"aligncenter size-full wp-image-30784\" src=\"https:\/\/i0.wp.com\/centraldeportes.com.ar\/wp-content\/uploads\/2023\/02\/WhatsApp-Image-2023-02-23-at-14.46.24-1.jpeg?resize=800%2C530\" alt=\"\" width=\"800\" height=\"530\" \/><\/p>\n<p>&nbsp;<\/p>\n<p>Resultados de las finales:<\/p>\n<p>&nbsp;<\/p>\n<p>Primera:<\/p>\n<p>Regatas (BV) 4 \u2013 0 San Marcos (MG)<\/p>\n<p>Intermedia:<\/p>\n<p>Regatas (BV) 1 (2) \u2013 1 (0) Estudiantes<\/p>\n<p>Posiciones finales:<\/p>\n<p>Intermedia:<\/p>\n<p>1\u00b0: Regatas (BV)<\/p>\n<p>2\u00b0: Estudiantes (O)<\/p>\n<p>3\u00b0: Club de Remo (A)<\/p>\n<p>4\u00b0: San Marcos (MG)<\/p>\n<p>Primera:<\/p>\n<p>1\u00b0: Regatas (BV)<\/p>\n<p>2\u00b0: San Marcos (MG)<\/p>\n<p>3\u00b0: Estudiantes (O)<\/p>\n<p>4\u00b0: Club de Remo (A)<\/p>\n","protected":false},"excerpt":{"rendered":"<p>Organizado por la Subcomisi\u00f3n de Hockey del Club Estudiantes, se llev\u00f3 a cabo la \u201cCopa Pretemporada\u201d en el Parque Guerrero<\/p>\n","protected":false},"author":96739694,"featured_media":153315,"comment_status":"closed","ping_status":"closed","sticky":false,"template":"","format":"standard","meta":{"_jetpack_memberships_contains_paid_content":false,"footnotes":""},"categories":[30,1],"tags":[],"class_list":["post-139156","post","type-post","status-publish","format-standard","has-post-thumbnail","hentry","category-polideportivo","category-portada"],"jetpack_featured_media_url":"https:\/\/i0.wp.com\/cdnoticias.com\/wp-content\/uploads\/2023\/02\/WhatsApp-Image-2023-02-23-at-14.46.24.jpeg?fit=1600%2C1059&ssl=1","jetpack_sharing_enabled":true,"_links":{"self":[{"href":"https:\/\/cdnoticias.com\/index.php\/wp-json\/wp\/v2\/posts\/139156","targetHints":{"allow":["GET"]}}],"collection":[{"href":"https:\/\/cdnoticias.com\/index.php\/wp-json\/wp\/v2\/posts"}],"about":[{"href":"https:\/\/cdnoticias.com\/index.php\/wp-json\/wp\/v2\/types\/post"}],"author":[{"embeddable":true,"href":"https:\/\/cdnoticias.com\/index.php\/wp-json\/wp\/v2\/users\/96739694"}],"replies":[{"embeddable":true,"href":"https:\/\/cdnoticias.com\/index.php\/wp-json\/wp\/v2\/comments?post=139156"}],"version-history":[{"count":0,"href":"https:\/\/cdnoticias.com\/index.php\/wp-json\/wp\/v2\/posts\/139156\/revisions"}],"wp:featuredmedia":[{"embeddable":true,"href":"https:\/\/cdnoticias.com\/index.php\/wp-json\/wp\/v2\/media\/153315"}],"wp:attachment":[{"href":"https:\/\/cdnoticias.com\/index.php\/wp-json\/wp\/v2\/media?parent=139156"}],"wp:term":[{"taxonomy":"category","embeddable":true,"href":"https:\/\/cdnoticias.com\/index.php\/wp-json\/wp\/v2\/categories?post=139156"},{"taxonomy":"post_tag","embeddable":true,"href":"https:\/\/cdnoticias.com\/index.php\/wp-json\/wp\/v2\/tags?post=139156"}],"curies":[{"name":"wp","href":"https:\/\/api.w.org\/{rel}","templated":true}]}}