{"id":139145,"date":"2023-02-21T15:04:32","date_gmt":"2023-02-21T18:04:32","guid":{"rendered":"http:\/\/centraldeportes.com.ar\/?p=30723"},"modified":"2025-02-10T23:26:30","modified_gmt":"2025-02-11T02:26:30","slug":"podio-para-mauricio-olivera-en-el-desafio-rocas-coloradas","status":"publish","type":"post","link":"https:\/\/cdnoticias.com\/index.php\/2023\/02\/21\/podio-para-mauricio-olivera-en-el-desafio-rocas-coloradas\/","title":{"rendered":"Podio para Mauricio Olivera en el \u201cDesaf\u00edo Rocas Coloradas\u201d"},"content":{"rendered":"<p>El pasado domingo se llev\u00f3 a cabo la primera edici\u00f3n de Comodoro Ultra Trail: Desaf\u00edo Rocas Coloradas y entre los cientos de atletas que participaron hubo dos olavarrienses que cumplieron destacada labor.<!--more--><\/p>\n<hr \/>\n<p>La carrera que ofreci\u00f3 circuitos de 80k, 42k, 21k y 10k se realiz\u00f3 en el \u00c1rea Natural Protegida Rocas Coloradas, un paisaje que ofreci\u00f3 vistas extremas entre la estepa patag\u00f3nica y la costa del Mar Argentino alternando kil\u00f3metros de huellas de 4&#215;4, senderos, parte de las playas y ca\u00f1adones profundos y la ascensi\u00f3n a la cumbre del Pico Salamanca de 600 metros sobre el nivel del mar a tan solo 3,5 km en l\u00ednea recta.<\/p>\n<p>&nbsp;<\/p>\n<p>Mauricio Olivera particip\u00f3 de la distancia de 42 kil\u00f3metros y logr\u00f3 el tercer lugar del podio con un tiempo de 4 horas 17 minutos y 31 segundos.<\/p>\n<p>&nbsp;<\/p>\n<p><img data-recalc-dims=\"1\" loading=\"lazy\" decoding=\"async\" class=\"aligncenter wp-image-30730 size-full\" src=\"https:\/\/i0.wp.com\/centraldeportes.com.ar\/wp-content\/uploads\/2023\/02\/WhatsApp-Image-2023-02-21-at-12.57.16-2-e1677002658109.jpeg?resize=720%2C556\" alt=\"\" width=\"720\" height=\"556\" \/><\/p>\n<p>&nbsp;<\/p>\n<p>El oriundo de Hinojo finaliz\u00f3 por detr\u00e1s de Fabio Curilaf que fue el ganador con 4:17:29 y Fabio Cretton que fue segundo.<\/p>\n<p>&nbsp;<\/p>\n<p>Por otro lado, en la distancia de 10K, Mateo Olivera complet\u00f3 el recorrido en 1:05:59 que le vali\u00f3 el quinto puesto de la general y el segundo mejor registro en la categor\u00eda de 16 a 29 a\u00f1os. El triunfo fue para Exequiel Ferreyra con 57:17.<\/p>\n","protected":false},"excerpt":{"rendered":"<p>El pasado domingo se llev\u00f3 a cabo la primera edici\u00f3n de Comodoro Ultra Trail: Desaf\u00edo Rocas Coloradas y entre los<\/p>\n","protected":false},"author":96739694,"featured_media":153349,"comment_status":"closed","ping_status":"closed","sticky":false,"template":"","format":"standard","meta":{"_jetpack_memberships_contains_paid_content":false,"footnotes":""},"categories":[38,1],"tags":[],"class_list":["post-139145","post","type-post","status-publish","format-standard","has-post-thumbnail","hentry","category-pedestrismo","category-portada"],"jetpack_featured_media_url":"https:\/\/i0.wp.com\/cdnoticias.com\/wp-content\/uploads\/2023\/02\/WhatsApp-Image-2023-02-21-at-12.57.16-1-e1677002544310.jpeg?fit=450%2C249&ssl=1","jetpack_sharing_enabled":true,"_links":{"self":[{"href":"https:\/\/cdnoticias.com\/index.php\/wp-json\/wp\/v2\/posts\/139145","targetHints":{"allow":["GET"]}}],"collection":[{"href":"https:\/\/cdnoticias.com\/index.php\/wp-json\/wp\/v2\/posts"}],"about":[{"href":"https:\/\/cdnoticias.com\/index.php\/wp-json\/wp\/v2\/types\/post"}],"author":[{"embeddable":true,"href":"https:\/\/cdnoticias.com\/index.php\/wp-json\/wp\/v2\/users\/96739694"}],"replies":[{"embeddable":true,"href":"https:\/\/cdnoticias.com\/index.php\/wp-json\/wp\/v2\/comments?post=139145"}],"version-history":[{"count":0,"href":"https:\/\/cdnoticias.com\/index.php\/wp-json\/wp\/v2\/posts\/139145\/revisions"}],"wp:featuredmedia":[{"embeddable":true,"href":"https:\/\/cdnoticias.com\/index.php\/wp-json\/wp\/v2\/media\/153349"}],"wp:attachment":[{"href":"https:\/\/cdnoticias.com\/index.php\/wp-json\/wp\/v2\/media?parent=139145"}],"wp:term":[{"taxonomy":"category","embeddable":true,"href":"https:\/\/cdnoticias.com\/index.php\/wp-json\/wp\/v2\/categories?post=139145"},{"taxonomy":"post_tag","embeddable":true,"href":"https:\/\/cdnoticias.com\/index.php\/wp-json\/wp\/v2\/tags?post=139145"}],"curies":[{"name":"wp","href":"https:\/\/api.w.org\/{rel}","templated":true}]}}