{"id":139139,"date":"2023-02-20T02:34:59","date_gmt":"2023-02-20T05:34:59","guid":{"rendered":"http:\/\/centraldeportes.com.ar\/?p=30687"},"modified":"2025-02-10T23:24:40","modified_gmt":"2025-02-11T02:24:40","slug":"santiago-salle-debuto-oficialmente-en-primera-division","status":"publish","type":"post","link":"https:\/\/cdnoticias.com\/index.php\/2023\/02\/20\/santiago-salle-debuto-oficialmente-en-primera-division\/","title":{"rendered":"Santiago Salle debut\u00f3 oficialmente en Primera Divisi\u00f3n"},"content":{"rendered":"<p>El juvenil olavarriense estuvo desde el arranque en la derrota 0 \u2013 2 de Independiente frente a Defensa y Justicia por la 4\u00b0 fecha de la Liga Profesional.<!--more--><\/p>\n<hr \/>\n<p><strong>Otro futbolista local concret\u00f3 su sue\u00f1o de llegar a la \u00e9lite del f\u00fatbol argentino<\/strong>. En la noche de este domingo,<strong> Independiente recibi\u00f3 en el Libertadores de Am\u00e9rica a Defensa y Justicia<\/strong> para disputar el duelo correspondiente a la 4\u00b0 jornada de la Liga Profesional de F\u00fatbol.<\/p>\n<p>&nbsp;<\/p>\n<p><strong>El \u201cRojo\u201d no tuvo un buen partido y cay\u00f3 por 2 a 0 ante el \u201cHalc\u00f3n\u201d<\/strong>, con goles de Nicol\u00e1s Fern\u00e1ndez a los 7\u2019 y de Santiago Solari a los 33\u2019. <strong>No obstante, en el conjunto dirigido por Stillitano debut\u00f3 oficialmente en Primera Divisi\u00f3n el juvenil Santiago Salle<\/strong>, quien ven\u00eda teniendo rodaje en Reserva.<\/p>\n<p>&nbsp;<\/p>\n<p>El surgido en Embajadores <strong>arranc\u00f3 en el once titular y ocup\u00f3 el puesto de lateral derecho para empezar a sumar experiencia en la categor\u00eda<\/strong>. Jug\u00f3 todo el primer tiempo y m\u00e1s tarde, a los 80\u2019, sali\u00f3 reemplazado por Santiago Hidalgo.<\/p>\n<p>&nbsp;<\/p>\n<p>Con este resultado negativo ya son dos las ca\u00eddas en el certamen para Independiente, que suma \u00a04 unidades y en la pr\u00f3xima fecha visitar\u00e1 a Banfield en el Florencio Sola.<\/p>\n<p>&nbsp;<\/p>\n<p><em><strong>Foto: Club Atl\u00e9tico Independiente.<\/strong><\/em><\/p>\n","protected":false},"excerpt":{"rendered":"<p>El juvenil olavarriense estuvo desde el arranque en la derrota 0 \u2013 2 de Independiente frente a Defensa y Justicia<\/p>\n","protected":false},"author":96739694,"featured_media":153271,"comment_status":"closed","ping_status":"closed","sticky":false,"template":"","format":"standard","meta":{"_jetpack_memberships_contains_paid_content":false,"footnotes":""},"categories":[35,37,1],"tags":[],"class_list":["post-139139","post","type-post","status-publish","format-standard","has-post-thumbnail","hentry","category-futbol","category-futbol-profesional","category-portada"],"jetpack_featured_media_url":"https:\/\/i0.wp.com\/cdnoticias.com\/wp-content\/uploads\/2023\/02\/Santiago-Salle-debut-en-Independiente-4%C2%B0-fecha-vs-Defensa-y-Justicia-e1676871173775.jpg?fit=1600%2C966&ssl=1","jetpack_sharing_enabled":true,"_links":{"self":[{"href":"https:\/\/cdnoticias.com\/index.php\/wp-json\/wp\/v2\/posts\/139139","targetHints":{"allow":["GET"]}}],"collection":[{"href":"https:\/\/cdnoticias.com\/index.php\/wp-json\/wp\/v2\/posts"}],"about":[{"href":"https:\/\/cdnoticias.com\/index.php\/wp-json\/wp\/v2\/types\/post"}],"author":[{"embeddable":true,"href":"https:\/\/cdnoticias.com\/index.php\/wp-json\/wp\/v2\/users\/96739694"}],"replies":[{"embeddable":true,"href":"https:\/\/cdnoticias.com\/index.php\/wp-json\/wp\/v2\/comments?post=139139"}],"version-history":[{"count":0,"href":"https:\/\/cdnoticias.com\/index.php\/wp-json\/wp\/v2\/posts\/139139\/revisions"}],"wp:featuredmedia":[{"embeddable":true,"href":"https:\/\/cdnoticias.com\/index.php\/wp-json\/wp\/v2\/media\/153271"}],"wp:attachment":[{"href":"https:\/\/cdnoticias.com\/index.php\/wp-json\/wp\/v2\/media?parent=139139"}],"wp:term":[{"taxonomy":"category","embeddable":true,"href":"https:\/\/cdnoticias.com\/index.php\/wp-json\/wp\/v2\/categories?post=139139"},{"taxonomy":"post_tag","embeddable":true,"href":"https:\/\/cdnoticias.com\/index.php\/wp-json\/wp\/v2\/tags?post=139139"}],"curies":[{"name":"wp","href":"https:\/\/api.w.org\/{rel}","templated":true}]}}