{"id":139137,"date":"2023-02-20T01:30:56","date_gmt":"2023-02-20T04:30:56","guid":{"rendered":"http:\/\/centraldeportes.com.ar\/?p=30679"},"modified":"2025-02-10T23:24:48","modified_gmt":"2025-02-11T02:24:48","slug":"estreno-de-gol-para-juani-barbieri-con-acassuso","status":"publish","type":"post","link":"https:\/\/cdnoticias.com\/index.php\/2023\/02\/20\/estreno-de-gol-para-juani-barbieri-con-acassuso\/","title":{"rendered":"Estreno de gol para \u201cJuani\u201d Barbieri con Acassuso"},"content":{"rendered":"<p>El delantero olavarriense aport\u00f3 su cuota goleadora en la victoria a domicilio del \u201cSusso\u201d sobre Colegiales por la 2\u00b0 fecha del Apertura. Adem\u00e1s, Carlos Battigelli y Sim\u00f3n Buscaglia fueron titulares en sus respectivos equipos.<!--more--><\/p>\n<hr \/>\n<p>Este fin de semana <strong>inici\u00f3 una<\/strong> <strong>nueva jornada de la Primera B Metropolitana con el desarrollo de la 2\u00b0 fecha del Torneo Apertura<\/strong> y hubo completa participaci\u00f3n de futbolistas locales, los cuales comenzaron desde el arranque en sus respectivos clubes.<\/p>\n<p>&nbsp;<\/p>\n<p>El pasado s\u00e1bado, <strong>el primero en salir a la cancha fue Sim\u00f3n Buscaglia con Villa San Carlos<\/strong>. <strong>El \u201cCele\u201d<\/strong> afront\u00f3 su primer partido en condici\u00f3n de local y<strong> sufri\u00f3 el empate 1 a 1 sobre el final frente a Argentino de Merlo<\/strong>. En la etapa complementaria, el lateral surgido en Ferro sali\u00f3 reemplazado a los 80\u2019 por Nahuel Figueredo.<\/p>\n<p>&nbsp;<\/p>\n<figure id=\"attachment_30681\" aria-describedby=\"caption-attachment-30681\" style=\"width: 727px\" class=\"wp-caption aligncenter\"><img data-recalc-dims=\"1\" loading=\"lazy\" decoding=\"async\" class=\"wp-image-30681\" src=\"https:\/\/i0.wp.com\/centraldeportes.com.ar\/wp-content\/uploads\/2023\/02\/Sim%C3%B3n-Buscaglia-Villa-San-Carlos.jpeg?resize=727%2C483\" alt=\"\" width=\"727\" height=\"483\" \/><figcaption id=\"caption-attachment-30681\" class=\"wp-caption-text\">Cr\u00e9dito: Villa San Carlos Oficial<\/figcaption><\/figure>\n<p>&nbsp;<\/p>\n<p>Otro de los equipos que consigui\u00f3 rescatar un punto fue Deportivo Armenio. <strong>El \u201cTricolor\u201d, que tuvo en sus filas a Carlos Alexander Battigelli, remont\u00f3 un temprano 0 \u2013 2 abajo y lo empat\u00f3 2 a 2 en su casa frente a UAI de Urquiza<\/strong>. De esta manera el elenco de Ingeniero Maschwitz cosech\u00f3 su primera unidad en el certamen.<\/p>\n<p>&nbsp;<\/p>\n<p>Por otro lado, en la tarde de este domingo, <strong>Acassuso visit\u00f3 a Colegiales y lo derrot\u00f3 por 2 a 1 con aporte de Juan Ignacio Barbieri<\/strong>. Sebasti\u00e1n Silguero puso en ventaja al \u201cSusso\u201d a los 31\u2019 de la primera mitad y m\u00e1s tarde,<strong> a los 51\u2019 de la etapa complementaria, Garc\u00eda habilit\u00f3 al ex Ferro Carril Sud para el segundo grito de la tarde y el primero para Barbieri con la camiseta \u201cQuemera\u201d<\/strong>.<\/p>\n<p>&nbsp;<\/p>\n<p><em><strong>Foto: Acassuso Oficial.<\/strong><\/em><\/p>\n","protected":false},"excerpt":{"rendered":"<p>El delantero olavarriense aport\u00f3 su cuota goleadora en la victoria a domicilio del \u201cSusso\u201d sobre Colegiales por la 2\u00b0 fecha<\/p>\n","protected":false},"author":96739694,"featured_media":153281,"comment_status":"closed","ping_status":"closed","sticky":false,"template":"","format":"standard","meta":{"_jetpack_memberships_contains_paid_content":false,"footnotes":""},"categories":[35,37,1],"tags":[],"class_list":["post-139137","post","type-post","status-publish","format-standard","has-post-thumbnail","hentry","category-futbol","category-futbol-profesional","category-portada"],"jetpack_featured_media_url":"https:\/\/i0.wp.com\/cdnoticias.com\/wp-content\/uploads\/2023\/02\/Juan-Ignacio-Barbieri-en-Acassuso-2%C2%B0-fecha-vs-Colegiales-1-e1676867282531.jpeg?fit=1599%2C963&ssl=1","jetpack_sharing_enabled":true,"_links":{"self":[{"href":"https:\/\/cdnoticias.com\/index.php\/wp-json\/wp\/v2\/posts\/139137","targetHints":{"allow":["GET"]}}],"collection":[{"href":"https:\/\/cdnoticias.com\/index.php\/wp-json\/wp\/v2\/posts"}],"about":[{"href":"https:\/\/cdnoticias.com\/index.php\/wp-json\/wp\/v2\/types\/post"}],"author":[{"embeddable":true,"href":"https:\/\/cdnoticias.com\/index.php\/wp-json\/wp\/v2\/users\/96739694"}],"replies":[{"embeddable":true,"href":"https:\/\/cdnoticias.com\/index.php\/wp-json\/wp\/v2\/comments?post=139137"}],"version-history":[{"count":0,"href":"https:\/\/cdnoticias.com\/index.php\/wp-json\/wp\/v2\/posts\/139137\/revisions"}],"wp:featuredmedia":[{"embeddable":true,"href":"https:\/\/cdnoticias.com\/index.php\/wp-json\/wp\/v2\/media\/153281"}],"wp:attachment":[{"href":"https:\/\/cdnoticias.com\/index.php\/wp-json\/wp\/v2\/media?parent=139137"}],"wp:term":[{"taxonomy":"category","embeddable":true,"href":"https:\/\/cdnoticias.com\/index.php\/wp-json\/wp\/v2\/categories?post=139137"},{"taxonomy":"post_tag","embeddable":true,"href":"https:\/\/cdnoticias.com\/index.php\/wp-json\/wp\/v2\/tags?post=139137"}],"curies":[{"name":"wp","href":"https:\/\/api.w.org\/{rel}","templated":true}]}}