{"id":139129,"date":"2023-02-18T19:35:17","date_gmt":"2023-02-18T22:35:17","guid":{"rendered":"http:\/\/centraldeportes.com.ar\/?p=30591"},"modified":"2025-02-10T23:23:08","modified_gmt":"2025-02-11T02:23:08","slug":"con-gol-y-asistencia-de-pepo-de-la-vega-lanus-gano-y-trepo-a-la-cima-del-torneo","status":"publish","type":"post","link":"https:\/\/cdnoticias.com\/index.php\/2023\/02\/18\/con-gol-y-asistencia-de-pepo-de-la-vega-lanus-gano-y-trepo-a-la-cima-del-torneo\/","title":{"rendered":"Con gol y asistencia de \u201cPepo\u201d De la Vega, Lan\u00fas gan\u00f3 y trep\u00f3 a la cima del torneo"},"content":{"rendered":"<p>El olavarriense anot\u00f3 su segundo tanto en el campeonato y aport\u00f3 en la goleada 3 a 0 del \u201cGranate\u201d sobre Rosario Central en el marco de la 4\u00b0 fecha de la Liga Profesional de F\u00fatbol.<!--more--><\/p>\n<hr \/>\n<p><strong>Los dirigidos por Frank Kudelka<\/strong> extendieron su racha positiva y<strong> consiguieron su cuarta victoria consecutiva en igual cantidad de presentaciones<\/strong>. En la tarde de este s\u00e1bado, por la cuarta jornada del certamen de Primera Divisi\u00f3n,<strong> Lan\u00fas recibi\u00f3 en La Fortaleza a Rosario Central<\/strong> y logr\u00f3 otro festejo para mantenerse con puntaje perfecto.<\/p>\n<p>&nbsp;<\/p>\n<p><strong>Fue 3 a 0 la goleada del \u201cGranate\u201d en su casa<\/strong>. Franco Toyansky abri\u00f3 la cuenta a los 55\u2019, Pedro De la Vega aument\u00f3 la ventaja y Franco Orozco, a los 71\u2019, sentenci\u00f3 el resultado final para el puntero.<\/p>\n<p>&nbsp;<\/p>\n<p><img data-recalc-dims=\"1\" loading=\"lazy\" decoding=\"async\" class=\"aligncenter  wp-image-30593\" src=\"https:\/\/i0.wp.com\/centraldeportes.com.ar\/wp-content\/uploads\/2023\/02\/Pedro-De-la-Vega-vs-Rosario-Central.jpg?resize=711%2C530\" alt=\"\" width=\"711\" height=\"530\" \/><\/p>\n<p>&nbsp;<\/p>\n<p><strong>El delantero olavarriense<\/strong> comenz\u00f3 el encuentro dentro del once titular y s<strong>e luci\u00f3, adem\u00e1s de convertir, con una asistencia en el tercer tanto<\/strong>. <strong>El suyo lleg\u00f3 a los 60\u2019, donde aprovech\u00f3 un error del arquero \u201cCanalla\u201d Gaspar Servio para decretar el segundo grito en la cuenta transitoria<\/strong>.<\/p>\n<p>&nbsp;<\/p>\n<p>De esta forma, Lan\u00fas transitar\u00e1 toda la 4\u00b0 jornada como \u00fanico l\u00edder y<strong> en la pr\u00f3xima fecha visitar\u00e1 a Racing<\/strong> en el Cilindro de Avellaneda.<\/p>\n<p>&nbsp;<\/p>\n<h6><strong>El gol de &#8220;Pepo&#8221; para la ventaja &#8220;Granate&#8221;:<\/strong><\/h6>\n<blockquote class=\"twitter-tweet\" data-width=\"550\" data-dnt=\"true\">\n<p lang=\"es\" dir=\"ltr\">PEPO DE MI VIDA ??\u2764\ufe0f <a href=\"https:\/\/t.co\/bbwWcysPpT\">pic.twitter.com\/bbwWcysPpT<\/a><\/p>\n<p>&mdash; Club Lan\u00fas (@clublanus) <a href=\"https:\/\/twitter.com\/clublanus\/status\/1627058784647680001?ref_src=twsrc%5Etfw\">February 18, 2023<\/a><\/p><\/blockquote>\n<p><script async src=\"https:\/\/platform.twitter.com\/widgets.js\" charset=\"utf-8\"><\/script><\/p>\n<p>&nbsp;<\/p>\n<p><em><strong>Fotos: Club Lan\u00fas Oficial.<\/strong><\/em><\/p>\n","protected":false},"excerpt":{"rendered":"<p>El olavarriense anot\u00f3 su segundo tanto en el campeonato y aport\u00f3 en la goleada 3 a 0 del \u201cGranate\u201d sobre<\/p>\n","protected":false},"author":96739694,"featured_media":153205,"comment_status":"closed","ping_status":"closed","sticky":false,"template":"","format":"standard","meta":{"_jetpack_memberships_contains_paid_content":false,"footnotes":""},"categories":[35,37,1],"tags":[],"class_list":["post-139129","post","type-post","status-publish","format-standard","has-post-thumbnail","hentry","category-futbol","category-futbol-profesional","category-portada"],"jetpack_featured_media_url":"https:\/\/i0.wp.com\/cdnoticias.com\/wp-content\/uploads\/2023\/02\/Pedro-De-la-Vega-4%C2%B0-fecha-vs-Rosario-Central-e1676759672153.jpg?fit=2048%2C1377&ssl=1","jetpack_sharing_enabled":true,"_links":{"self":[{"href":"https:\/\/cdnoticias.com\/index.php\/wp-json\/wp\/v2\/posts\/139129","targetHints":{"allow":["GET"]}}],"collection":[{"href":"https:\/\/cdnoticias.com\/index.php\/wp-json\/wp\/v2\/posts"}],"about":[{"href":"https:\/\/cdnoticias.com\/index.php\/wp-json\/wp\/v2\/types\/post"}],"author":[{"embeddable":true,"href":"https:\/\/cdnoticias.com\/index.php\/wp-json\/wp\/v2\/users\/96739694"}],"replies":[{"embeddable":true,"href":"https:\/\/cdnoticias.com\/index.php\/wp-json\/wp\/v2\/comments?post=139129"}],"version-history":[{"count":0,"href":"https:\/\/cdnoticias.com\/index.php\/wp-json\/wp\/v2\/posts\/139129\/revisions"}],"wp:featuredmedia":[{"embeddable":true,"href":"https:\/\/cdnoticias.com\/index.php\/wp-json\/wp\/v2\/media\/153205"}],"wp:attachment":[{"href":"https:\/\/cdnoticias.com\/index.php\/wp-json\/wp\/v2\/media?parent=139129"}],"wp:term":[{"taxonomy":"category","embeddable":true,"href":"https:\/\/cdnoticias.com\/index.php\/wp-json\/wp\/v2\/categories?post=139129"},{"taxonomy":"post_tag","embeddable":true,"href":"https:\/\/cdnoticias.com\/index.php\/wp-json\/wp\/v2\/tags?post=139129"}],"curies":[{"name":"wp","href":"https:\/\/api.w.org\/{rel}","templated":true}]}}