{"id":139123,"date":"2023-02-17T20:49:49","date_gmt":"2023-02-17T23:49:49","guid":{"rendered":"http:\/\/centraldeportes.com.ar\/?p=30547"},"modified":"2025-02-10T23:23:27","modified_gmt":"2025-02-11T02:23:27","slug":"nadador-carbonero-estuvo-en-la-concentracion-del-cenard","status":"publish","type":"post","link":"https:\/\/cdnoticias.com\/index.php\/2023\/02\/17\/nadador-carbonero-estuvo-en-la-concentracion-del-cenard\/","title":{"rendered":"Nadador \u201cCarbonero\u201d estuvo en la concentraci\u00f3n del CeNARD"},"content":{"rendered":"<p>Fernando Altamira Luque particip\u00f3 el pasado fin de semana de la primera concentraci\u00f3n del 2023 organizada por la Confederaci\u00f3n Argentina de Deportes Acu\u00e1ticos.\u00a0<!--more--><\/p>\n<hr \/>\n<p>La Pre-Selecci\u00f3n cont\u00f3 con la presencia de m\u00e1s de 60 nadadores de todo el pa\u00eds que comprenden las edades de 10 a 13 a\u00f1os y durante dos d\u00edas entrenaron en el Centro Nacional de Alto Rendimiento Deportivo.<\/p>\n<p>&nbsp;<\/p>\n<p>En el marco del Plan Nacional de Nataci\u00f3n Infanto Juvenil de la Confederaci\u00f3n Argentina de Deportes Acu\u00e1ticos, se realiz\u00f3 la concentraci\u00f3n con deportistas que se han destacado en los \u00faltimos torneos nacionales. El mismo fue organizado por el equipo t\u00e9cnico juvenil con la participaci\u00f3n de 30 entrenadores personales.<\/p>\n<p>&nbsp;<\/p>\n<p>La misma, adem\u00e1s de los trabajos dentro y fuera de la pileta, cont\u00f3 con charlas que estuvieron a cargo de integrantes de la selecci\u00f3n nacional como Macarena Ceballos y Andrea Berrino, del Director T\u00e9cnico Nacional Gustavo Rold\u00e1n y del Presidente de CADDA Sergio Antonini.<\/p>\n<p>&nbsp;<\/p>\n<p>Este programa busca unificar las l\u00edneas de trabajo con ni\u00f1os y j\u00f3venes de entre 11 y 19 a\u00f1os. El objetivo final es identificar a los nadadores argentinos m\u00e1s talentosos y con proyecci\u00f3n a integrar, en el futuro, nuestro seleccionado internacional en el momento correcto y desarrollar una estructura de funcionamiento con el entorno ideal donde estos atletas puedan alcanzar su mayor potencial deportivo.<\/p>\n","protected":false},"excerpt":{"rendered":"<p>Fernando Altamira Luque particip\u00f3 el pasado fin de semana de la primera concentraci\u00f3n del 2023 organizada por la Confederaci\u00f3n Argentina<\/p>\n","protected":false},"author":96739694,"featured_media":153238,"comment_status":"closed","ping_status":"closed","sticky":false,"template":"","format":"standard","meta":{"_jetpack_memberships_contains_paid_content":false,"footnotes":""},"categories":[30,1],"tags":[],"class_list":["post-139123","post","type-post","status-publish","format-standard","has-post-thumbnail","hentry","category-polideportivo","category-portada"],"jetpack_featured_media_url":"https:\/\/i0.wp.com\/cdnoticias.com\/wp-content\/uploads\/2023\/02\/WhatsApp-Image-2023-02-08-at-01.35.32.jpeg?fit=1024%2C768&ssl=1","jetpack_sharing_enabled":true,"_links":{"self":[{"href":"https:\/\/cdnoticias.com\/index.php\/wp-json\/wp\/v2\/posts\/139123","targetHints":{"allow":["GET"]}}],"collection":[{"href":"https:\/\/cdnoticias.com\/index.php\/wp-json\/wp\/v2\/posts"}],"about":[{"href":"https:\/\/cdnoticias.com\/index.php\/wp-json\/wp\/v2\/types\/post"}],"author":[{"embeddable":true,"href":"https:\/\/cdnoticias.com\/index.php\/wp-json\/wp\/v2\/users\/96739694"}],"replies":[{"embeddable":true,"href":"https:\/\/cdnoticias.com\/index.php\/wp-json\/wp\/v2\/comments?post=139123"}],"version-history":[{"count":0,"href":"https:\/\/cdnoticias.com\/index.php\/wp-json\/wp\/v2\/posts\/139123\/revisions"}],"wp:featuredmedia":[{"embeddable":true,"href":"https:\/\/cdnoticias.com\/index.php\/wp-json\/wp\/v2\/media\/153238"}],"wp:attachment":[{"href":"https:\/\/cdnoticias.com\/index.php\/wp-json\/wp\/v2\/media?parent=139123"}],"wp:term":[{"taxonomy":"category","embeddable":true,"href":"https:\/\/cdnoticias.com\/index.php\/wp-json\/wp\/v2\/categories?post=139123"},{"taxonomy":"post_tag","embeddable":true,"href":"https:\/\/cdnoticias.com\/index.php\/wp-json\/wp\/v2\/tags?post=139123"}],"curies":[{"name":"wp","href":"https:\/\/api.w.org\/{rel}","templated":true}]}}