{"id":139115,"date":"2023-02-16T19:10:17","date_gmt":"2023-02-16T22:10:17","guid":{"rendered":"http:\/\/centraldeportes.com.ar\/?p=30521"},"modified":"2025-02-10T23:20:33","modified_gmt":"2025-02-11T02:20:33","slug":"federico-marin-se-recupero-de-la-lesion-pero-casla-volvio-a-perder","status":"publish","type":"post","link":"https:\/\/cdnoticias.com\/index.php\/2023\/02\/16\/federico-marin-se-recupero-de-la-lesion-pero-casla-volvio-a-perder\/","title":{"rendered":"Federico Mar\u00edn se recuper\u00f3 de la lesi\u00f3n, pero CASLA volvi\u00f3 a perder"},"content":{"rendered":"<p>El duelo de los \u00faltimos de la tabla de posiciones de la Liga Nacional fue para Atenas que derrot\u00f3 a San Lorenzo en la noche del mi\u00e9rcoles por 71 a 58.<!--more--><\/p>\n<hr \/>\n<p>&nbsp;<\/p>\n<p>Intenso, con mucho en juego y midiendo cada movimiento. Tanto Atenas como San Lorenzo sab\u00edan que no era un partido m\u00e1s, son los dos \u00faltimos en las posiciones y los dos necesitaban ganar, pero el \u201cGriego\u201d en el estreno de \u00c1lvaro Casti\u00f1eira como DT cort\u00f3 una racha de 23 derrotas seguidas.<\/p>\n<p>&nbsp;<\/p>\n<p>En el equipo de Buenos Aires que cay\u00f3 por vig\u00e9sima vez en la temporada se produjo el regreso de Federico Mar\u00edn ya recuperado de su lesi\u00f3n muscular. El radicado en Olavarr\u00eda complet\u00f3 7:04 minutos con 2 puntos, 2 rebotes, 1 asistencia y una tapa.<\/p>\n","protected":false},"excerpt":{"rendered":"<p>El duelo de los \u00faltimos de la tabla de posiciones de la Liga Nacional fue para Atenas que derrot\u00f3 a<\/p>\n","protected":false},"author":96739694,"featured_media":151966,"comment_status":"closed","ping_status":"closed","sticky":false,"template":"","format":"standard","meta":{"_jetpack_memberships_contains_paid_content":false,"footnotes":""},"categories":[31,36,1],"tags":[],"class_list":["post-139115","post","type-post","status-publish","format-standard","has-post-thumbnail","hentry","category-basquet","category-liga-nacional","category-portada"],"jetpack_featured_media_url":"https:\/\/i0.wp.com\/cdnoticias.com\/wp-content\/uploads\/2022\/11\/WhatsApp-Image-2022-11-05-at-11.54.49.jpeg?fit=1280%2C910&ssl=1","jetpack_sharing_enabled":true,"_links":{"self":[{"href":"https:\/\/cdnoticias.com\/index.php\/wp-json\/wp\/v2\/posts\/139115","targetHints":{"allow":["GET"]}}],"collection":[{"href":"https:\/\/cdnoticias.com\/index.php\/wp-json\/wp\/v2\/posts"}],"about":[{"href":"https:\/\/cdnoticias.com\/index.php\/wp-json\/wp\/v2\/types\/post"}],"author":[{"embeddable":true,"href":"https:\/\/cdnoticias.com\/index.php\/wp-json\/wp\/v2\/users\/96739694"}],"replies":[{"embeddable":true,"href":"https:\/\/cdnoticias.com\/index.php\/wp-json\/wp\/v2\/comments?post=139115"}],"version-history":[{"count":0,"href":"https:\/\/cdnoticias.com\/index.php\/wp-json\/wp\/v2\/posts\/139115\/revisions"}],"wp:featuredmedia":[{"embeddable":true,"href":"https:\/\/cdnoticias.com\/index.php\/wp-json\/wp\/v2\/media\/151966"}],"wp:attachment":[{"href":"https:\/\/cdnoticias.com\/index.php\/wp-json\/wp\/v2\/media?parent=139115"}],"wp:term":[{"taxonomy":"category","embeddable":true,"href":"https:\/\/cdnoticias.com\/index.php\/wp-json\/wp\/v2\/categories?post=139115"},{"taxonomy":"post_tag","embeddable":true,"href":"https:\/\/cdnoticias.com\/index.php\/wp-json\/wp\/v2\/tags?post=139115"}],"curies":[{"name":"wp","href":"https:\/\/api.w.org\/{rel}","templated":true}]}}