{"id":139113,"date":"2023-02-16T17:46:54","date_gmt":"2023-02-16T20:46:54","guid":{"rendered":"http:\/\/centraldeportes.com.ar\/?p=30502"},"modified":"2025-02-10T23:20:38","modified_gmt":"2025-02-11T02:20:38","slug":"la-liga-de-futbol-de-olavarria-homenajeara-a-simon-vivas","status":"publish","type":"post","link":"https:\/\/cdnoticias.com\/index.php\/2023\/02\/16\/la-liga-de-futbol-de-olavarria-homenajeara-a-simon-vivas\/","title":{"rendered":"La Liga de F\u00fatbol de Olavarr\u00eda homenajear\u00e1 a Sim\u00f3n Vivas"},"content":{"rendered":"<p>La instituci\u00f3n anunci\u00f3 que el venidero Torneo de Inferiores llevar\u00e1 el nombre del menor fallecido el pasado domingo.<!--more--><\/p>\n<hr \/>\n<p>Tras conocerse la <a href=\"https:\/\/cdnoticias.com\/siete-dias-de-duelo-en-el-fortin-por-el-fallecimiento-de-un-nino\/\">tr\u00e1gica noticia<\/a> que golpe\u00f3 al mundo del f\u00fatbol olavarriense, este jueves<strong> la Liga de F\u00fatbol de Olavarr\u00eda decidi\u00f3 rendirle un homenaje al joven que perdi\u00f3 la vida en la pileta de El Fort\u00edn<\/strong>.<\/p>\n<p>&nbsp;<\/p>\n<p>Como bien se supo, <strong>Sim\u00f3n Vivas<\/strong> era jugador de la Novena Divisi\u00f3n de las Inferiores del \u201cFortinero\u201d y por dicho motivo <strong>el organismo regulador decidi\u00f3 que el pr\u00f3ximo Torneo Preparaci\u00f3n, a comenzar el 25 de febrero, lleve el nombre del menor<\/strong>.<\/p>\n<p>&nbsp;<\/p>\n<p>De igual manera, <strong>la entidad de la Av. Urquiza<\/strong> tambi\u00e9n decidi\u00f3 honrar la memoria del joven Sim\u00f3n por lo que, por esta temporada, <strong>retirar\u00e1 la camiseta n\u00famero 7 de la categor\u00eda en la que se desempe\u00f1aba<\/strong>.<\/p>\n<p>&nbsp;<\/p>\n<p><em><strong>Foto: Liga de F\u00fatbol de Olavarr\u00eda.<\/strong><\/em><\/p>\n","protected":false},"excerpt":{"rendered":"<p>La instituci\u00f3n anunci\u00f3 que el venidero Torneo de Inferiores llevar\u00e1 el nombre del menor fallecido el pasado domingo.<\/p>\n","protected":false},"author":96739694,"featured_media":153165,"comment_status":"closed","ping_status":"closed","sticky":false,"template":"","format":"standard","meta":{"_jetpack_memberships_contains_paid_content":false,"footnotes":""},"categories":[35,40,1],"tags":[],"class_list":["post-139113","post","type-post","status-publish","format-standard","has-post-thumbnail","hentry","category-futbol","category-inferiores","category-portada"],"jetpack_featured_media_url":"https:\/\/i0.wp.com\/cdnoticias.com\/wp-content\/uploads\/2023\/02\/Liga-de-F%C3%BAtbol-de-Olavarr%C3%ADa-1-e1676580239634.jpg?fit=960%2C554&ssl=1","jetpack_sharing_enabled":true,"_links":{"self":[{"href":"https:\/\/cdnoticias.com\/index.php\/wp-json\/wp\/v2\/posts\/139113","targetHints":{"allow":["GET"]}}],"collection":[{"href":"https:\/\/cdnoticias.com\/index.php\/wp-json\/wp\/v2\/posts"}],"about":[{"href":"https:\/\/cdnoticias.com\/index.php\/wp-json\/wp\/v2\/types\/post"}],"author":[{"embeddable":true,"href":"https:\/\/cdnoticias.com\/index.php\/wp-json\/wp\/v2\/users\/96739694"}],"replies":[{"embeddable":true,"href":"https:\/\/cdnoticias.com\/index.php\/wp-json\/wp\/v2\/comments?post=139113"}],"version-history":[{"count":0,"href":"https:\/\/cdnoticias.com\/index.php\/wp-json\/wp\/v2\/posts\/139113\/revisions"}],"wp:featuredmedia":[{"embeddable":true,"href":"https:\/\/cdnoticias.com\/index.php\/wp-json\/wp\/v2\/media\/153165"}],"wp:attachment":[{"href":"https:\/\/cdnoticias.com\/index.php\/wp-json\/wp\/v2\/media?parent=139113"}],"wp:term":[{"taxonomy":"category","embeddable":true,"href":"https:\/\/cdnoticias.com\/index.php\/wp-json\/wp\/v2\/categories?post=139113"},{"taxonomy":"post_tag","embeddable":true,"href":"https:\/\/cdnoticias.com\/index.php\/wp-json\/wp\/v2\/tags?post=139113"}],"curies":[{"name":"wp","href":"https:\/\/api.w.org\/{rel}","templated":true}]}}