{"id":139110,"date":"2023-02-15T19:51:57","date_gmt":"2023-02-15T22:51:57","guid":{"rendered":"http:\/\/centraldeportes.com.ar\/?p=30471"},"modified":"2025-02-10T23:20:46","modified_gmt":"2025-02-11T02:20:46","slug":"mi-paso-por-estudiantes-fue-breve-pero-de-mucho-aprendizaje","status":"publish","type":"post","link":"https:\/\/cdnoticias.com\/index.php\/2023\/02\/15\/mi-paso-por-estudiantes-fue-breve-pero-de-mucho-aprendizaje\/","title":{"rendered":"\u201cMi paso por Estudiantes fue breve pero de mucho aprendizaje\u201d"},"content":{"rendered":"<p>Sostuvo Mart\u00edn Echarren, oriundo de Coronel Su\u00e1rez, quien tuvo un exitoso paso por la instituci\u00f3n \u201cBataraz\u201d y actualmente se desempe\u00f1a en las Inferiores de San Lorenzo de Almagro.<!--more--><\/p>\n<hr \/>\n<p>Aprovechando el receso de verano, el futbolista nacido en la ciudad de Coronel Su\u00e1rez, <strong>Mart\u00edn Echarren, record\u00f3 los momentos vividos en su paso con Estudiantes a trav\u00e9s de una charla \u00edntima con Bataraz TV<\/strong>.<\/p>\n<p>&nbsp;<\/p>\n<p>Antes de su arribo a la entidad \u201cAlbinegra\u201d, el joven sum\u00f3 experiencia en Gimnasia de Pergamino, Patio Recreativo de Bah\u00eda Blanca, Hurac\u00e1n de San Antonio de Areco, Kimberley y Cadetes de Mar del Plata. <strong>En Estudiantes, Echarren jug\u00f3 dos a\u00f1os y luego peg\u00f3 el salto a las Inferiores de San Lorenzo de Almagro<\/strong>.<\/p>\n<p>&nbsp;<\/p>\n<p>\u201c<em><strong>Mi paso por Estudiantes fue breve pero de mucho aprendizaje<\/strong>, <strong>fueron dos a\u00f1os de muchas amistades creadas<\/strong>\u201d<\/em>, sostuvo el juvenil durante la charla y adem\u00e1s agreg\u00f3: <em>\u201cLo que m\u00e1s extra\u00f1o de Estudiantes es la rutina, venir a entrenar con amigos y planificar los partidos\u201d<\/em>, record\u00f3.<\/p>\n<p>&nbsp;<\/p>\n<p><img data-recalc-dims=\"1\" loading=\"lazy\" decoding=\"async\" class=\"aligncenter wp-image-30473\" src=\"https:\/\/i0.wp.com\/centraldeportes.com.ar\/wp-content\/uploads\/2023\/02\/Mart%C3%ADn-Echarren-Estudiantes-e1676500739931.jpeg?resize=730%2C447\" alt=\"\" width=\"730\" height=\"447\" \/><\/p>\n<p>&nbsp;<\/p>\n<p>En su experiencia con la camiseta azulgrana, el ex \u201cBataraz\u201d cont\u00f3 que: <em>\u201c<strong>Los entrenamientos son a full, ten\u00e9s que dar todo porque hay mucha competitividad entre grand\u00edsimos jugadores<\/strong>\u201d<\/em>, destac\u00f3.<\/p>\n<p>&nbsp;<\/p>\n<p>Tambi\u00e9n se anim\u00f3 a darle un mensaje de aliento a los m\u00e1s chicos: <em>\u201c<strong>Les puedo decir que sigan trabajando, que la oportunidad siempre llega y tienen que estar listos para aprovecharla al m\u00e1ximo<\/strong>\u201d<\/em>, recalc\u00f3.<\/p>\n<p>&nbsp;<\/p>\n<p><em><strong>Fuente: Prensa CAE.<\/strong><\/em><\/p>\n<p>&nbsp;<\/p>\n<h6><strong>La nota completa:\u00a0<\/strong><\/h6>\n<p><em>\u00a0<\/em><\/p>\n<div class=\"jetpack-video-wrapper\"><iframe loading=\"lazy\" width=\"800\" height=\"450\" src=\"https:\/\/www.youtube.com\/embed\/f3pV70BAK5E?feature=oembed\" frameborder=\"0\" allow=\"accelerometer; autoplay; clipboard-write; encrypted-media; gyroscope; picture-in-picture; web-share\" allowfullscreen title=\"Mart\u00edn Echarren: de Estudiantes a San Lorenzo\"><\/iframe><\/div>\n","protected":false},"excerpt":{"rendered":"<p>Sostuvo Mart\u00edn Echarren, oriundo de Coronel Su\u00e1rez, quien tuvo un exitoso paso por la instituci\u00f3n \u201cBataraz\u201d y actualmente se desempe\u00f1a<\/p>\n","protected":false},"author":96739694,"featured_media":153180,"comment_status":"closed","ping_status":"closed","sticky":false,"template":"","format":"standard","meta":{"_jetpack_memberships_contains_paid_content":false,"footnotes":""},"categories":[35,40,1],"tags":[],"class_list":["post-139110","post","type-post","status-publish","format-standard","has-post-thumbnail","hentry","category-futbol","category-inferiores","category-portada"],"jetpack_featured_media_url":"https:\/\/i0.wp.com\/cdnoticias.com\/wp-content\/uploads\/2023\/02\/Mart%C3%ADn-Echarren-CAE.jpeg?fit=1600%2C1059&ssl=1","jetpack_sharing_enabled":true,"_links":{"self":[{"href":"https:\/\/cdnoticias.com\/index.php\/wp-json\/wp\/v2\/posts\/139110","targetHints":{"allow":["GET"]}}],"collection":[{"href":"https:\/\/cdnoticias.com\/index.php\/wp-json\/wp\/v2\/posts"}],"about":[{"href":"https:\/\/cdnoticias.com\/index.php\/wp-json\/wp\/v2\/types\/post"}],"author":[{"embeddable":true,"href":"https:\/\/cdnoticias.com\/index.php\/wp-json\/wp\/v2\/users\/96739694"}],"replies":[{"embeddable":true,"href":"https:\/\/cdnoticias.com\/index.php\/wp-json\/wp\/v2\/comments?post=139110"}],"version-history":[{"count":0,"href":"https:\/\/cdnoticias.com\/index.php\/wp-json\/wp\/v2\/posts\/139110\/revisions"}],"wp:featuredmedia":[{"embeddable":true,"href":"https:\/\/cdnoticias.com\/index.php\/wp-json\/wp\/v2\/media\/153180"}],"wp:attachment":[{"href":"https:\/\/cdnoticias.com\/index.php\/wp-json\/wp\/v2\/media?parent=139110"}],"wp:term":[{"taxonomy":"category","embeddable":true,"href":"https:\/\/cdnoticias.com\/index.php\/wp-json\/wp\/v2\/categories?post=139110"},{"taxonomy":"post_tag","embeddable":true,"href":"https:\/\/cdnoticias.com\/index.php\/wp-json\/wp\/v2\/tags?post=139110"}],"curies":[{"name":"wp","href":"https:\/\/api.w.org\/{rel}","templated":true}]}}