{"id":139108,"date":"2023-02-15T19:27:25","date_gmt":"2023-02-15T22:27:25","guid":{"rendered":"http:\/\/centraldeportes.com.ar\/?p=30460"},"modified":"2025-02-10T23:20:50","modified_gmt":"2025-02-11T02:20:50","slug":"presencia-olavarriense-en-el-rural-bike-de-rauch","status":"publish","type":"post","link":"https:\/\/cdnoticias.com\/index.php\/2023\/02\/15\/presencia-olavarriense-en-el-rural-bike-de-rauch\/","title":{"rendered":"Presencia olavarriense en el Rural Bike de Rauch"},"content":{"rendered":"<p>El pasado domingo se llev\u00f3 a cabo la 7\u00b0 edici\u00f3n del Rural Bike de Rauch y hubo presencia olavarriense en los 45 kil\u00f3metros del recorrido organizados por el Club Ciclista de Rauch.<!--more--><\/p>\n<hr \/>\n<p>El Rural Bike por parejas que se realiz\u00f3 sobre 4 giros al Parque Juan Silva, se trat\u00f3 de una dura prueba para los competidores, donde hubo casi 20 abandonos debido a un suelo duro y una alta temperatura con m\u00e1s de 38\u00b0.<\/p>\n<p>&nbsp;<\/p>\n<p>Joaqu\u00edn Arancedo y Jos\u00e9 Jauregui con un tiempo de 1:21:07 en Caballeros, a Melisa Bonnet y Carlos Antognoli en Mixto y a Carla Cabrera y Ana Laura Orellano en la categor\u00eda Damas fueron los campeones de la carrera.<\/p>\n<p>&nbsp;<\/p>\n<p>En lo que respecta a la actuaci\u00f3n olavarriense, Agust\u00edn Fern\u00e1ndez y Fernando Andronaco fueron los primeros en completar el recorrido con un tiempo de 1:37:10 para ser segundos en la categor\u00eda Caballeros B.<\/p>\n<p>&nbsp;<\/p>\n<p>Diego Ramallo y N\u00e9stor Molinari y Jos\u00e9 Luis Barbosa y Norma Randazzo tambi\u00e9n lograron cruzar el globo de llegada.<\/p>\n","protected":false},"excerpt":{"rendered":"<p>El pasado domingo se llev\u00f3 a cabo la 7\u00b0 edici\u00f3n del Rural Bike de Rauch y hubo presencia olavarriense en<\/p>\n","protected":false},"author":96739694,"featured_media":153184,"comment_status":"closed","ping_status":"closed","sticky":false,"template":"","format":"standard","meta":{"_jetpack_memberships_contains_paid_content":false,"footnotes":""},"categories":[30,1],"tags":[],"class_list":["post-139108","post","type-post","status-publish","format-standard","has-post-thumbnail","hentry","category-polideportivo","category-portada"],"jetpack_featured_media_url":"https:\/\/i0.wp.com\/cdnoticias.com\/wp-content\/uploads\/2023\/02\/WhatsApp-Image-2023-02-15-at-17.13.32.jpeg?fit=720%2C488&ssl=1","jetpack_sharing_enabled":true,"_links":{"self":[{"href":"https:\/\/cdnoticias.com\/index.php\/wp-json\/wp\/v2\/posts\/139108","targetHints":{"allow":["GET"]}}],"collection":[{"href":"https:\/\/cdnoticias.com\/index.php\/wp-json\/wp\/v2\/posts"}],"about":[{"href":"https:\/\/cdnoticias.com\/index.php\/wp-json\/wp\/v2\/types\/post"}],"author":[{"embeddable":true,"href":"https:\/\/cdnoticias.com\/index.php\/wp-json\/wp\/v2\/users\/96739694"}],"replies":[{"embeddable":true,"href":"https:\/\/cdnoticias.com\/index.php\/wp-json\/wp\/v2\/comments?post=139108"}],"version-history":[{"count":0,"href":"https:\/\/cdnoticias.com\/index.php\/wp-json\/wp\/v2\/posts\/139108\/revisions"}],"wp:featuredmedia":[{"embeddable":true,"href":"https:\/\/cdnoticias.com\/index.php\/wp-json\/wp\/v2\/media\/153184"}],"wp:attachment":[{"href":"https:\/\/cdnoticias.com\/index.php\/wp-json\/wp\/v2\/media?parent=139108"}],"wp:term":[{"taxonomy":"category","embeddable":true,"href":"https:\/\/cdnoticias.com\/index.php\/wp-json\/wp\/v2\/categories?post=139108"},{"taxonomy":"post_tag","embeddable":true,"href":"https:\/\/cdnoticias.com\/index.php\/wp-json\/wp\/v2\/tags?post=139108"}],"curies":[{"name":"wp","href":"https:\/\/api.w.org\/{rel}","templated":true}]}}