{"id":139103,"date":"2023-02-14T18:17:52","date_gmt":"2023-02-14T21:17:52","guid":{"rendered":"http:\/\/centraldeportes.com.ar\/?p=30437"},"modified":"2025-02-10T23:19:23","modified_gmt":"2025-02-11T02:19:23","slug":"paso-otra-fecha-de-la-primera-nacional-sin-minutos-para-los-locales","status":"publish","type":"post","link":"https:\/\/cdnoticias.com\/index.php\/2023\/02\/14\/paso-otra-fecha-de-la-primera-nacional-sin-minutos-para-los-locales\/","title":{"rendered":"Pas\u00f3 otra fecha de la Primera Nacional sin minutos para los locales"},"content":{"rendered":"<p>Entre viernes y lunes pasado, con tres presencias de olavarrienses, se celebr\u00f3 una nueva jornada de la segunda categor\u00eda y hubo estreno de la Zona B.<!--more--><\/p>\n<hr \/>\n<p><strong>La principal categor\u00eda del ascenso argentino disput\u00f3 de forma completa el segundo cap\u00edtulo de la temporada<\/strong>, que cont\u00f3 adem\u00e1s con el estreno de los 18 equipos integrantes de la Zona B. Asimismo, <strong>de los cinco representantes olavarrienses hubo tres presencias<\/strong> pero ninguno sum\u00f3 minutos.<\/p>\n<p>&nbsp;<\/p>\n<p>El pasado viernes tuvo su debut Aldosivi de Mar del Plata y no fue de la mejor manera. <strong>El \u201cTibur\u00f3n\u201d recibi\u00f3 a Independiente Rivadavia de Mendoza en el Jos\u00e9 Mar\u00eda Minella y cay\u00f3 por 2 a 1<\/strong>. En las filas de los dirigidos por Fernando Quiroz <strong>estuvo el juvenil olavarriense Lucio Falasco, quien ocup\u00f3 un lugar en el banco de suplentes pero no ingres\u00f3<\/strong>.<\/p>\n<p>&nbsp;<\/p>\n<p>Por su parte en la Zona A, <strong>San Telmo, con Kevin Ceceri ausente, empat\u00f3 1 a 1 con Defensores de Belgrano<\/strong> en su cancha y sum\u00f3 su primer punto en la competencia. All\u00ed mismo, <strong>Ignacio Pietrobono particip\u00f3 de la convocatoria y fue el arquero suplente del \u201cDrag\u00f3n\u201d<\/strong>.<\/p>\n<p>&nbsp;<\/p>\n<p>Del mismo modo, el pasado lunes en el cierre de la fecha, <strong>Agropecuario derrot\u00f3 3 a 1 a Deportivo Mor\u00f3n<\/strong> en Carlos Casares y se convirti\u00f3 en el l\u00edder del grupo A junto a San Mart\u00edn de Tucum\u00e1n y Almirante Brown con 6 unidades. <strong>En el \u201cSojero\u201d dijo presente el olavarriense Edgardo Maldonado, que a\u00fan no logr\u00f3 tener estreno en el campeonato<\/strong>.<\/p>\n<p>&nbsp;<\/p>\n<p><em><strong>Foto: Agropecuario Oficial.<\/strong><\/em><\/p>\n","protected":false},"excerpt":{"rendered":"<p>Entre viernes y lunes pasado, con tres presencias de olavarrienses, se celebr\u00f3 una nueva jornada de la segunda categor\u00eda y<\/p>\n","protected":false},"author":96739694,"featured_media":153110,"comment_status":"closed","ping_status":"closed","sticky":false,"template":"","format":"standard","meta":{"_jetpack_memberships_contains_paid_content":false,"footnotes":""},"categories":[35,37,1],"tags":[],"class_list":["post-139103","post","type-post","status-publish","format-standard","has-post-thumbnail","hentry","category-futbol","category-futbol-profesional","category-portada"],"jetpack_featured_media_url":"https:\/\/i0.wp.com\/cdnoticias.com\/wp-content\/uploads\/2023\/02\/Agropecuario-2%C2%B0-fecha-PN-2023-e1676409429720.jpg?fit=1064%2C665&ssl=1","jetpack_sharing_enabled":true,"_links":{"self":[{"href":"https:\/\/cdnoticias.com\/index.php\/wp-json\/wp\/v2\/posts\/139103","targetHints":{"allow":["GET"]}}],"collection":[{"href":"https:\/\/cdnoticias.com\/index.php\/wp-json\/wp\/v2\/posts"}],"about":[{"href":"https:\/\/cdnoticias.com\/index.php\/wp-json\/wp\/v2\/types\/post"}],"author":[{"embeddable":true,"href":"https:\/\/cdnoticias.com\/index.php\/wp-json\/wp\/v2\/users\/96739694"}],"replies":[{"embeddable":true,"href":"https:\/\/cdnoticias.com\/index.php\/wp-json\/wp\/v2\/comments?post=139103"}],"version-history":[{"count":0,"href":"https:\/\/cdnoticias.com\/index.php\/wp-json\/wp\/v2\/posts\/139103\/revisions"}],"wp:featuredmedia":[{"embeddable":true,"href":"https:\/\/cdnoticias.com\/index.php\/wp-json\/wp\/v2\/media\/153110"}],"wp:attachment":[{"href":"https:\/\/cdnoticias.com\/index.php\/wp-json\/wp\/v2\/media?parent=139103"}],"wp:term":[{"taxonomy":"category","embeddable":true,"href":"https:\/\/cdnoticias.com\/index.php\/wp-json\/wp\/v2\/categories?post=139103"},{"taxonomy":"post_tag","embeddable":true,"href":"https:\/\/cdnoticias.com\/index.php\/wp-json\/wp\/v2\/tags?post=139103"}],"curies":[{"name":"wp","href":"https:\/\/api.w.org\/{rel}","templated":true}]}}