{"id":139102,"date":"2023-02-14T16:17:34","date_gmt":"2023-02-14T19:17:34","guid":{"rendered":"http:\/\/centraldeportes.com.ar\/?p=30405"},"modified":"2025-02-10T23:19:25","modified_gmt":"2025-02-11T02:19:25","slug":"la-b-metro-se-puso-en-marcha-y-hubo-titularidad-olavarriense","status":"publish","type":"post","link":"https:\/\/cdnoticias.com\/index.php\/2023\/02\/14\/la-b-metro-se-puso-en-marcha-y-hubo-titularidad-olavarriense\/","title":{"rendered":"La B \u201cMetro\u201d se puso en marcha y hubo titularidad olavarriense"},"content":{"rendered":"<p>Los tres futbolistas locales, con presente en la categor\u00eda, tuvieron su primer partido oficial del 2023 y comenzaron su camino en la b\u00fasqueda del ascenso con sus equipos.<!--more--><\/p>\n<hr \/>\n<p>La espera termin\u00f3 y el pasado viernes <strong>comenz\u00f3 formalmente la temporada 2023 de la Primera B Metropolitana<\/strong> con el desarrollo de la 1\u00b0 fecha del Torneo Apertura. Carlos Battigelli, Juan Ignacio Barbieri y Sim\u00f3n Buscaglia, los tres representantes locales en la categor\u00eda, <strong>fueron titulares y adem\u00e1s debutaron oficialmente con sus respectivos equipos<\/strong>.<\/p>\n<p>&nbsp;<\/p>\n<p>El que no tuvo un buen inicio fue <strong>Deportivo Armenio<\/strong>, que <strong>cay\u00f3 en su visita a Dock Sud<\/strong> en la apertura de la fecha. <strong>Fue 4 a 1 la derrota del \u201cTricolor\u201d<\/strong>, que tuvo en sus filas a un experimentado de la divisional como el caso de Battigelli.<\/p>\n<p>&nbsp;<\/p>\n<p>Por otro lado, <strong>Acassuso recibi\u00f3 el s\u00e1bado en La Quema a Argentino de Quilmes<\/strong> y rescat\u00f3 un punto sobre el final del encuentro. <strong>El partido termin\u00f3 1 a 1 y en el \u201cSsuso\u201d debut\u00f3 el delantero Juan Ignacio Barbieri<\/strong>, quien disput\u00f3 los 90\u2019 minutos del encuentro.<\/p>\n<p>&nbsp;<\/p>\n<p><strong>Otro de los que tuvo su estreno, pero con la camiseta de Villa San Carlos fue Sim\u00f3n Buscaglia<\/strong>. El lateral izquierdo complet\u00f3 todo el partido y vislumbr\u00f3 el <strong>triunfo como visitante del \u201cCele\u201d 2 a 1 sobre F\u00e9nix<\/strong>, disputado el pasado lunes.<\/p>\n<p>&nbsp;<\/p>\n<p><em><strong>Foto: Nair Safenraiter.<\/strong><\/em><\/p>\n","protected":false},"excerpt":{"rendered":"<p>Los tres futbolistas locales, con presente en la categor\u00eda, tuvieron su primer partido oficial del 2023 y comenzaron su camino<\/p>\n","protected":false},"author":96739694,"featured_media":153114,"comment_status":"closed","ping_status":"closed","sticky":false,"template":"","format":"standard","meta":{"_jetpack_memberships_contains_paid_content":false,"footnotes":""},"categories":[35,37,1],"tags":[],"class_list":["post-139102","post","type-post","status-publish","format-standard","has-post-thumbnail","hentry","category-futbol","category-futbol-profesional","category-portada"],"jetpack_featured_media_url":"https:\/\/i0.wp.com\/cdnoticias.com\/wp-content\/uploads\/2023\/02\/Carlos-Battigelli-debut-con-Armenio-1-e1676404274969.jpeg?fit=1500%2C896&ssl=1","jetpack_sharing_enabled":true,"_links":{"self":[{"href":"https:\/\/cdnoticias.com\/index.php\/wp-json\/wp\/v2\/posts\/139102","targetHints":{"allow":["GET"]}}],"collection":[{"href":"https:\/\/cdnoticias.com\/index.php\/wp-json\/wp\/v2\/posts"}],"about":[{"href":"https:\/\/cdnoticias.com\/index.php\/wp-json\/wp\/v2\/types\/post"}],"author":[{"embeddable":true,"href":"https:\/\/cdnoticias.com\/index.php\/wp-json\/wp\/v2\/users\/96739694"}],"replies":[{"embeddable":true,"href":"https:\/\/cdnoticias.com\/index.php\/wp-json\/wp\/v2\/comments?post=139102"}],"version-history":[{"count":0,"href":"https:\/\/cdnoticias.com\/index.php\/wp-json\/wp\/v2\/posts\/139102\/revisions"}],"wp:featuredmedia":[{"embeddable":true,"href":"https:\/\/cdnoticias.com\/index.php\/wp-json\/wp\/v2\/media\/153114"}],"wp:attachment":[{"href":"https:\/\/cdnoticias.com\/index.php\/wp-json\/wp\/v2\/media?parent=139102"}],"wp:term":[{"taxonomy":"category","embeddable":true,"href":"https:\/\/cdnoticias.com\/index.php\/wp-json\/wp\/v2\/categories?post=139102"},{"taxonomy":"post_tag","embeddable":true,"href":"https:\/\/cdnoticias.com\/index.php\/wp-json\/wp\/v2\/tags?post=139102"}],"curies":[{"name":"wp","href":"https:\/\/api.w.org\/{rel}","templated":true}]}}