{"id":139101,"date":"2023-02-14T15:36:02","date_gmt":"2023-02-14T18:36:02","guid":{"rendered":"http:\/\/centraldeportes.com.ar\/?p=30402"},"modified":"2025-02-10T23:19:27","modified_gmt":"2025-02-11T02:19:27","slug":"las-categorias-pares-completaron-la-tercera-fecha-del-circuito-de-verano","status":"publish","type":"post","link":"https:\/\/cdnoticias.com\/index.php\/2023\/02\/14\/las-categorias-pares-completaron-la-tercera-fecha-del-circuito-de-verano\/","title":{"rendered":"Las Categor\u00edas Pares completaron la tercera fecha del Circuito de Verano"},"content":{"rendered":"<p>El pasado fin de semana se llev\u00f3 a cabo una nueva fecha del Circuito de Verano organizado por la Asociaci\u00f3n Civil Olavarriense de P\u00e1del.<!--more--><\/p>\n<hr \/>\n<p>Cinco categor\u00edas Pares completaron la actividad programada para la tercera fecha del calendario en los diversos complejos.<\/p>\n<p>&nbsp;<\/p>\n<p>En Cuarta Caballeros, la categor\u00eda m\u00e1s alta del ranking en jugar, fue triunfo para Guillermo Rossi y Fernando G\u00f3mez al vencer a la dupla compuesta por Tadeo Arroqui y Facundo Billoto por 7\/5; 1\/6 y 6\/1 en El Triunfo.<\/p>\n<p>&nbsp;<\/p>\n<p>En Sexta Caballeros, Brayton L\u00f3pez y Valent\u00edn Dietrich se adjudicaron la tercera fecha del calendario al derrotar a Diego Gonz\u00e1lez y Luciano Sanz por 6\/4 y 6\/1 en la final celebrada en Las Terrazzas.<\/p>\n<p>&nbsp;<\/p>\n<p>Con un marcador de 6\/2 y 6\/2 Varela Jer\u00f3nimo y Arrastua Mauricio se llevaron el t\u00edtulo de S\u00e9ptima B Caballeros. La pareja venci\u00f3 Trejo Nicol\u00e1s y Sobrado Mauro en la final disputada en Chingoland.<\/p>\n<p>&nbsp;<\/p>\n<p>Por el lado de las Damas, en Sexta, Julieta Otonello y Estefan\u00eda Alsina se llevaron el torneo al vencer a la dupla compuesta por Matilde Dura\u00f1ona y Anabela Etchechuri. La final disputada en Padeltime tuvo un resultado de 3\/6 6\/4 y 6\/4.<\/p>\n<p>&nbsp;<\/p>\n<p>Mariana Tegano y Elvira Gainza se coronaron ganadoras de S\u00e9ptima B al vencer por 6\/2 y 7\/5 a la pareja compuesta por Guill\u00e9n Alejandra y Agustina Cipr\u00e9s en Chingoland.<\/p>\n<p>&nbsp;<\/p>\n<p>La actividad tendr\u00e1 receso el venidero fin de semana debido a los dos feriados de Carnaval.<\/p>\n","protected":false},"excerpt":{"rendered":"<p>El pasado fin de semana se llev\u00f3 a cabo una nueva fecha del Circuito de Verano organizado por la Asociaci\u00f3n<\/p>\n","protected":false},"author":96739694,"featured_media":153118,"comment_status":"closed","ping_status":"closed","sticky":false,"template":"","format":"standard","meta":{"_jetpack_memberships_contains_paid_content":false,"footnotes":""},"categories":[30,1],"tags":[],"class_list":["post-139101","post","type-post","status-publish","format-standard","has-post-thumbnail","hentry","category-polideportivo","category-portada"],"jetpack_featured_media_url":"https:\/\/i0.wp.com\/cdnoticias.com\/wp-content\/uploads\/2023\/02\/330538153_1825850811134515_6518063691659877638_n-e1676399756567.jpg?fit=1439%2C982&ssl=1","jetpack_sharing_enabled":true,"_links":{"self":[{"href":"https:\/\/cdnoticias.com\/index.php\/wp-json\/wp\/v2\/posts\/139101","targetHints":{"allow":["GET"]}}],"collection":[{"href":"https:\/\/cdnoticias.com\/index.php\/wp-json\/wp\/v2\/posts"}],"about":[{"href":"https:\/\/cdnoticias.com\/index.php\/wp-json\/wp\/v2\/types\/post"}],"author":[{"embeddable":true,"href":"https:\/\/cdnoticias.com\/index.php\/wp-json\/wp\/v2\/users\/96739694"}],"replies":[{"embeddable":true,"href":"https:\/\/cdnoticias.com\/index.php\/wp-json\/wp\/v2\/comments?post=139101"}],"version-history":[{"count":0,"href":"https:\/\/cdnoticias.com\/index.php\/wp-json\/wp\/v2\/posts\/139101\/revisions"}],"wp:featuredmedia":[{"embeddable":true,"href":"https:\/\/cdnoticias.com\/index.php\/wp-json\/wp\/v2\/media\/153118"}],"wp:attachment":[{"href":"https:\/\/cdnoticias.com\/index.php\/wp-json\/wp\/v2\/media?parent=139101"}],"wp:term":[{"taxonomy":"category","embeddable":true,"href":"https:\/\/cdnoticias.com\/index.php\/wp-json\/wp\/v2\/categories?post=139101"},{"taxonomy":"post_tag","embeddable":true,"href":"https:\/\/cdnoticias.com\/index.php\/wp-json\/wp\/v2\/tags?post=139101"}],"curies":[{"name":"wp","href":"https:\/\/api.w.org\/{rel}","templated":true}]}}