{"id":139100,"date":"2023-02-13T19:20:18","date_gmt":"2023-02-13T22:20:18","guid":{"rendered":"http:\/\/centraldeportes.com.ar\/?p=30393"},"modified":"2025-02-10T23:19:29","modified_gmt":"2025-02-11T02:19:29","slug":"hubo-podios-olavarrienses-en-el-aconcagua-ultra-trail","status":"publish","type":"post","link":"https:\/\/cdnoticias.com\/index.php\/2023\/02\/13\/hubo-podios-olavarrienses-en-el-aconcagua-ultra-trail\/","title":{"rendered":"Hubo podios olavarrienses en el Aconcagua Ultra Trail"},"content":{"rendered":"<p>En Mendoza, se llev\u00f3 a cabo una nueva edici\u00f3n del Aconcagua Ultra Trail y hubo un importante n\u00famero de atletas locales y varios lograron subir al podio.<!--more--><\/p>\n<hr \/>\n<p>Representantes de los distintos grupos running de Olavarr\u00eda viajaron hasta Mendoza para ser parte de una de las competencias de aventura m\u00e1s convocantes del pa\u00eds.<\/p>\n<p>&nbsp;<\/p>\n<p><img data-recalc-dims=\"1\" loading=\"lazy\" decoding=\"async\" class=\"aligncenter size-full wp-image-30398\" src=\"https:\/\/i0.wp.com\/centraldeportes.com.ar\/wp-content\/uploads\/2023\/02\/WhatsApp-Image-2023-02-13-at-19.29.14.jpeg?resize=800%2C600\" alt=\"\" width=\"800\" height=\"600\" \/><\/p>\n<p>&nbsp;<\/p>\n<p>La carrera aventura que se realiza en el Parque Provincial Aconcagua present\u00f3 una altimetr\u00eda que puede llegar a superar 4500 metros sobre el nivel del mar y en lo que respecta a la actuaci\u00f3n de los locales, Diego Cisneros y Marcelo Gallo fueron los mejores.<\/p>\n<p>&nbsp;<\/p>\n<p>En la distancia de 15K, Diego Cisneros fue tercero de la tabla general con un tiempo de 01:02:34 y en 25K, Marcelo Gallo fue segundo con 02:28:42.<\/p>\n<p>&nbsp;<\/p>\n<p>La ultra trail running tambi\u00e9n cont\u00f3 con la participaci\u00f3n de Emilia Bender que fue primera en su categor\u00eda, Silvina Lencina que fue segunda; Agustina Galli, Milagros Alem, Ver\u00f3nica Baigorria, Eliana Gonz\u00e1lez y Daniela Menon en la distancia de 15K.<\/p>\n<p>&nbsp;<\/p>\n<p>En 25K, Roberto Bianchi fue quinto y cruzaron el globo de llegada Sebasti\u00e1n Erripa, Victoria Sourthu (2\u00b0 categor\u00eda), Micaela Adorno, Eugenia Fern\u00e1ndez, Candelaria Hurtado, Cecilia Rivas, Soledad Bianchi, Milagros San Sebasti\u00e1n, Milagros Franco, Florencia Duran, Julia Rodr\u00edguez,\u00a0Natalia L\u00f3pez Osornio y Melisa Gonz\u00e1lez.<\/p>\n<p>&nbsp;<\/p>\n<p><img data-recalc-dims=\"1\" loading=\"lazy\" decoding=\"async\" class=\"aligncenter size-full wp-image-30395\" src=\"https:\/\/i0.wp.com\/centraldeportes.com.ar\/wp-content\/uploads\/2023\/02\/WhatsApp-Image-2023-02-13-at-18.12.47.jpeg?resize=800%2C601\" alt=\"\" width=\"800\" height=\"601\" \/><\/p>\n<p>&nbsp;<\/p>\n<p>Tambi\u00e9n hubo distancias largas y en 42 kil\u00f3metros, los representantes olavarrienses fueron Johana P\u00e9rez, Andr\u00e9s Iribe, Gonzalo Leziu, Gonzalo Adala, Germ\u00e1n Altafini, Hern\u00e1n Striebek, Roberto Baldi (2\u00b0 categor\u00eda), Alexis Maggi, Marcos Peret y Diego Fornes.<\/p>\n<p>&nbsp;<\/p>\n<p>Adem\u00e1s, Sandra Altieri, Pablo Garay, Carlos Belisle y Carolina Bustos lograron completar el recorrido que se extendi\u00f3 durante 60 kil\u00f3metros.<\/p>\n","protected":false},"excerpt":{"rendered":"<p>En Mendoza, se llev\u00f3 a cabo una nueva edici\u00f3n del Aconcagua Ultra Trail y hubo un importante n\u00famero de atletas<\/p>\n","protected":false},"author":96739694,"featured_media":153123,"comment_status":"closed","ping_status":"closed","sticky":false,"template":"","format":"standard","meta":{"_jetpack_memberships_contains_paid_content":false,"footnotes":""},"categories":[38,1],"tags":[],"class_list":["post-139100","post","type-post","status-publish","format-standard","has-post-thumbnail","hentry","category-pedestrismo","category-portada"],"jetpack_featured_media_url":"https:\/\/i0.wp.com\/cdnoticias.com\/wp-content\/uploads\/2023\/02\/WhatsApp-Image-2023-02-13-at-18.12.46-e1676326794496.jpeg?fit=900%2C477&ssl=1","jetpack_sharing_enabled":true,"_links":{"self":[{"href":"https:\/\/cdnoticias.com\/index.php\/wp-json\/wp\/v2\/posts\/139100","targetHints":{"allow":["GET"]}}],"collection":[{"href":"https:\/\/cdnoticias.com\/index.php\/wp-json\/wp\/v2\/posts"}],"about":[{"href":"https:\/\/cdnoticias.com\/index.php\/wp-json\/wp\/v2\/types\/post"}],"author":[{"embeddable":true,"href":"https:\/\/cdnoticias.com\/index.php\/wp-json\/wp\/v2\/users\/96739694"}],"replies":[{"embeddable":true,"href":"https:\/\/cdnoticias.com\/index.php\/wp-json\/wp\/v2\/comments?post=139100"}],"version-history":[{"count":0,"href":"https:\/\/cdnoticias.com\/index.php\/wp-json\/wp\/v2\/posts\/139100\/revisions"}],"wp:featuredmedia":[{"embeddable":true,"href":"https:\/\/cdnoticias.com\/index.php\/wp-json\/wp\/v2\/media\/153123"}],"wp:attachment":[{"href":"https:\/\/cdnoticias.com\/index.php\/wp-json\/wp\/v2\/media?parent=139100"}],"wp:term":[{"taxonomy":"category","embeddable":true,"href":"https:\/\/cdnoticias.com\/index.php\/wp-json\/wp\/v2\/categories?post=139100"},{"taxonomy":"post_tag","embeddable":true,"href":"https:\/\/cdnoticias.com\/index.php\/wp-json\/wp\/v2\/tags?post=139100"}],"curies":[{"name":"wp","href":"https:\/\/api.w.org\/{rel}","templated":true}]}}