{"id":139097,"date":"2023-02-12T23:29:53","date_gmt":"2023-02-13T02:29:53","guid":{"rendered":"http:\/\/centraldeportes.com.ar\/?p=30381"},"modified":"2025-02-10T23:19:37","modified_gmt":"2025-02-11T02:19:37","slug":"se-jugaron-mas-amistosos-y-el-torneo-entre-ciudades-tuvo-actividad-incompleta","status":"publish","type":"post","link":"https:\/\/cdnoticias.com\/index.php\/2023\/02\/12\/se-jugaron-mas-amistosos-y-el-torneo-entre-ciudades-tuvo-actividad-incompleta\/","title":{"rendered":"Se jugaron m\u00e1s amistosos y el Torneo \u201cEntre Ciudades\u201d tuvo actividad incompleta"},"content":{"rendered":"<p>Varios equipos locales aprovecharon la jornada del domingo para entablar distintos amistosos de pretemporada. Adem\u00e1s, en el segundo d\u00eda del cuadrangular, solo se jug\u00f3 Embajadores \u2013 Sportivo Piazza.<!--more--><\/p>\n<hr \/>\n<p>Los elencos de Olavarr\u00eda y la zona siguen sumando ritmo futbol\u00edstico con los enfrentamientos de pretemporada y <strong>en la jornada de este domingo, Estudiantes, Ferro, y Embajadores tuvieron acci\u00f3n en diferentes compromisos<\/strong>.<\/p>\n<p>&nbsp;<\/p>\n<p>Por un lado, en el cuadrangular \u201cEntre Ciudades\u201d solo se disput\u00f3 un partido, ya que <strong>el cruce entre San Mart\u00edn e Independiente de Chillar se suspendi\u00f3 por el alerta meteorol\u00f3gico emitido para la ciudad<\/strong> y desde la dirigencia decidieron trasladarlo para el s\u00e1bado 18.<\/p>\n<p>&nbsp;<\/p>\n<p>[soliloquy id=&#8221;30371&#8243;]<\/p>\n<p>&nbsp;<\/p>\n<p>En contraparte, s\u00ed rod\u00f3 la pelota en el sint\u00e9tico del \u201cTete\u201d Di Carlo y hubo <strong>goleada de Embajadores 4 a 0 sobre Sportivo Piazza, con goles de Peralta en contra y Nicol\u00e1s Lareu en tres oportunidades<\/strong>. Resultado positivo para los de Bilbao, que lograron recuperarse de la derrota frente a Independiente de Chillar del <a href=\"https:\/\/cdnoticias.com\/inicio-el-cuadrangular-entre-ciudades-y-se-jugo-otro-amistoso\/\">pasado s\u00e1bado<\/a>.<\/p>\n<p>&nbsp;<\/p>\n<figure id=\"attachment_30383\" aria-describedby=\"caption-attachment-30383\" style=\"width: 752px\" class=\"wp-caption aligncenter\"><img data-recalc-dims=\"1\" loading=\"lazy\" decoding=\"async\" class=\"wp-image-30383\" src=\"https:\/\/i0.wp.com\/centraldeportes.com.ar\/wp-content\/uploads\/2023\/02\/Estudiantes-amistoso-vs-Gimnasia-de-Tandil-e1676255119707.jpeg?resize=752%2C401\" alt=\"\" width=\"752\" height=\"401\" \/><figcaption id=\"caption-attachment-30383\" class=\"wp-caption-text\">Cr\u00e9dito: Prensa CAE.<\/figcaption><\/figure>\n<p>&nbsp;<\/p>\n<p><strong>Estudiantes<\/strong>, con renovado cuerpo t\u00e9cnico, tambi\u00e9n<strong> entabl\u00f3 amistosos de preparaci\u00f3n contra Gimnasia de Tandil<\/strong>\u00a0 en Reserva y Primera. <strong>En la categor\u00eda preliminar, fue derrota 2 a 0 para el \u201cBata\u201d mientras que en la mayor, el equipo olavarriense se impuso por 2 a 1<\/strong>.<\/p>\n<p>&nbsp;<\/p>\n<div class=\"tiled-gallery type-rectangular tiled-gallery-unresized\" data-original-width=\"800\" data-carousel-extra='null' itemscope itemtype=\"http:\/\/schema.org\/ImageGallery\" > <div class=\"gallery-row\" style=\"width: 800px; height: 1065px;\" data-original-width=\"800\" data-original-height=\"1065\" > <div class=\"gallery-group images-1\" style=\"width: 800px; height: 1065px;\" data-original-width=\"800\" data-original-height=\"1065\" > <div class=\"tiled-gallery-item tiled-gallery-item-large\" itemprop=\"associatedMedia\" itemscope itemtype=\"http:\/\/schema.org\/ImageObject\"> <a href=\"https:\/\/i0.wp.com\/cdnoticias.com\/wp-content\/uploads\/2021\/08\/WhatsApp-Image-2021-08-21-at-07.43.31.jpeg?ssl=1\" border=\"0\" itemprop=\"url\"> <meta itemprop=\"width\" content=\"796\"> <meta itemprop=\"height\" content=\"1061\"> <img decoding=\"async\" class=\"\" data-attachment-id=\"30364\" data-orig-file=\"https:\/\/cdnoticias.com\/wp-content\/uploads\/2021\/08\/WhatsApp-Image-2021-08-21-at-07.43.31.jpeg\" data-orig-size=\"774,1032\" data-comments-opened=\"\" data-image-meta=\"{&quot;aperture&quot;:&quot;0&quot;,&quot;credit&quot;:&quot;&quot;,&quot;camera&quot;:&quot;&quot;,&quot;caption&quot;:&quot;&quot;,&quot;created_timestamp&quot;:&quot;0&quot;,&quot;copyright&quot;:&quot;&quot;,&quot;focal_length&quot;:&quot;0&quot;,&quot;iso&quot;:&quot;0&quot;,&quot;shutter_speed&quot;:&quot;0&quot;,&quot;title&quot;:&quot;&quot;,&quot;orientation&quot;:&quot;0&quot;}\" data-image-title=\"WhatsApp Image 2021-08-21 at 07.43.31\" data-image-description=\"\" data-medium-file=\"https:\/\/i0.wp.com\/cdnoticias.com\/wp-content\/uploads\/2021\/08\/WhatsApp-Image-2021-08-21-at-07.43.31.jpeg?fit=225%2C300&#038;ssl=1\" data-large-file=\"https:\/\/i0.wp.com\/cdnoticias.com\/wp-content\/uploads\/2021\/08\/WhatsApp-Image-2021-08-21-at-07.43.31.jpeg?fit=768%2C1024&#038;ssl=1\" src=\"https:\/\/i0.wp.com\/cdnoticias.com\/wp-content\/uploads\/2021\/08\/WhatsApp-Image-2021-08-21-at-07.43.31.jpeg?w=796&#038;h=1061&#038;ssl=1\" srcset=\"https:\/\/i0.wp.com\/cdnoticias.com\/wp-content\/uploads\/2021\/08\/WhatsApp-Image-2021-08-21-at-07.43.31.jpeg?w=774&amp;ssl=1 774w, https:\/\/i0.wp.com\/cdnoticias.com\/wp-content\/uploads\/2021\/08\/WhatsApp-Image-2021-08-21-at-07.43.31.jpeg?resize=225%2C300&amp;ssl=1 225w, https:\/\/i0.wp.com\/cdnoticias.com\/wp-content\/uploads\/2021\/08\/WhatsApp-Image-2021-08-21-at-07.43.31.jpeg?resize=768%2C1024&amp;ssl=1 768w\" width=\"796\" height=\"1061\" loading=\"lazy\" data-original-width=\"796\" data-original-height=\"1061\" itemprop=\"http:\/\/schema.org\/image\" title=\"WhatsApp Image 2021-08-21 at 07.43.31\" alt=\"WhatsApp Image 2021-08-21 at 07.43.31\" style=\"width: 796px; height: 1061px;\" \/> <\/a> <\/div> <\/div> <!-- close group --> <\/div> <!-- close row --> <\/div>\n<p>&nbsp;<\/p>\n<p>Adem\u00e1s, en el Domingo Colasurdo, <strong>Ferro Carril Sud recibi\u00f3 a Lil\u00e1n de Laprida<\/strong> y encar\u00f3 tambi\u00e9n enfrentamientos en las divisionales mayores. <strong>En Reserva, fue triunfo \u201cCarbonero\u201d por 2 a 0<\/strong> y <strong>en Primera, los de Senzacqua derrotaron 3 a 1 al elenco lapridense con goles de Gervasio Pelaytay, Lorenzo Ferrara y Emmanuel Sbardolini<\/strong>.<\/p>\n","protected":false},"excerpt":{"rendered":"<p>Varios equipos locales aprovecharon la jornada del domingo para entablar distintos amistosos de pretemporada. Adem\u00e1s, en el segundo d\u00eda del<\/p>\n","protected":false},"author":96739694,"featured_media":153135,"comment_status":"closed","ping_status":"closed","sticky":false,"template":"","format":"standard","meta":{"_jetpack_memberships_contains_paid_content":false,"footnotes":""},"categories":[35,1,41],"tags":[],"class_list":["post-139097","post","type-post","status-publish","format-standard","has-post-thumbnail","hentry","category-futbol","category-portada","category-primera-y-reserva"],"jetpack_featured_media_url":"https:\/\/i0.wp.com\/cdnoticias.com\/wp-content\/uploads\/2023\/02\/ceo-amistoso-9.jpeg?fit=1500%2C1000&ssl=1","jetpack_sharing_enabled":true,"_links":{"self":[{"href":"https:\/\/cdnoticias.com\/index.php\/wp-json\/wp\/v2\/posts\/139097","targetHints":{"allow":["GET"]}}],"collection":[{"href":"https:\/\/cdnoticias.com\/index.php\/wp-json\/wp\/v2\/posts"}],"about":[{"href":"https:\/\/cdnoticias.com\/index.php\/wp-json\/wp\/v2\/types\/post"}],"author":[{"embeddable":true,"href":"https:\/\/cdnoticias.com\/index.php\/wp-json\/wp\/v2\/users\/96739694"}],"replies":[{"embeddable":true,"href":"https:\/\/cdnoticias.com\/index.php\/wp-json\/wp\/v2\/comments?post=139097"}],"version-history":[{"count":0,"href":"https:\/\/cdnoticias.com\/index.php\/wp-json\/wp\/v2\/posts\/139097\/revisions"}],"wp:featuredmedia":[{"embeddable":true,"href":"https:\/\/cdnoticias.com\/index.php\/wp-json\/wp\/v2\/media\/153135"}],"wp:attachment":[{"href":"https:\/\/cdnoticias.com\/index.php\/wp-json\/wp\/v2\/media?parent=139097"}],"wp:term":[{"taxonomy":"category","embeddable":true,"href":"https:\/\/cdnoticias.com\/index.php\/wp-json\/wp\/v2\/categories?post=139097"},{"taxonomy":"post_tag","embeddable":true,"href":"https:\/\/cdnoticias.com\/index.php\/wp-json\/wp\/v2\/tags?post=139097"}],"curies":[{"name":"wp","href":"https:\/\/api.w.org\/{rel}","templated":true}]}}