{"id":139096,"date":"2023-02-12T20:11:19","date_gmt":"2023-02-12T23:11:19","guid":{"rendered":"http:\/\/centraldeportes.com.ar\/?p=30368"},"modified":"2025-02-10T22:17:14","modified_gmt":"2025-02-11T01:17:14","slug":"no-hicimos-un-buen-juego-defensivo-pero-nos-pudimos-llevar-la-victoria","status":"publish","type":"post","link":"https:\/\/cdnoticias.com\/index.php\/2023\/02\/12\/no-hicimos-un-buen-juego-defensivo-pero-nos-pudimos-llevar-la-victoria\/","title":{"rendered":"\u201cNo hicimos un buen juego defensivo, pero nos pudimos llevar la victoria\u201d"},"content":{"rendered":"<p>Solt\u00f3 el capit\u00e1n de Racing, Ariel Weisbeck, luego de triunfo frente a Kimberley de Mar del Plata en el Parque Olavarr\u00eda.<!--more--><\/p>\n<hr \/>\n<p>En la noche del pasado s\u00e1bado, <strong>el \u201cChaira\u201d concret\u00f3 su cuarto festejo al hilo<\/strong> <a href=\"https:\/\/cdnoticias.com\/racing-estiro-su-invicto-y-es-lider-de-la-division-sureste\/\">tras vencer a Kimberley<\/a> en la continuidad de la Liga Federal de B\u00e1squetbol. <strong>Una vez culminado los cuatro cap\u00edtulos<\/strong> en el parquet de la \u201cEstrellita\u201d, <strong>Ariel Weisbeck<\/strong> (16 puntos, 1 rebote y 2 asistencias) <strong>habl\u00f3 con la prensa y analiz\u00f3 la nueva victoria<\/strong>.<\/p>\n<p>&nbsp;<\/p>\n<p><em>\u201c<strong>Fue un partido muy duro, ellos salieron a jugarnos de igual a igual<\/strong> y nos cargaron muchos rebotes ofensivos\u201d<\/em>, fueron las primeras palabras del capit\u00e1n y luego agreg\u00f3 en la misma l\u00ednea: <em>\u201c<strong>Con el calor se hizo muy pesado, aunque no es excusa porque no hicimos un buen \u00a0juego defensivo, 76 puntos de local no lo podemos permitir, pero por suerte nos pudimos llevar la victoria<\/strong>\u201d<\/em>, explic\u00f3.<\/p>\n<p>&nbsp;<\/p>\n<p><img data-recalc-dims=\"1\" loading=\"lazy\" decoding=\"async\" class=\"aligncenter size-full wp-image-30319\" src=\"https:\/\/i0.wp.com\/centraldeportes.com.ar\/wp-content\/uploads\/2023\/02\/Photo_1676172782212.jpg?resize=800%2C533\" alt=\"\" width=\"800\" height=\"533\" \/><\/p>\n<p>&nbsp;<\/p>\n<p>Por su parte, el escolta hizo un balance de lo mostrado por el rival y cont\u00f3 que: <em>\u201c<strong>Son un equipo que juega bien, tienen jugadores muy atl\u00e9ticos<\/strong> y eso molesta bastante en la din\u00e1mica de juego porque hay que estar atento a todo\u201d<\/em>, y luego remat\u00f3: <em>\u201c<strong>Creo que estuvimos mas aceitados que ellos y logramos llevarnos el juego<\/strong>\u201d.<\/em><\/p>\n<p>&nbsp;<\/p>\n<p>M\u00e1s all\u00e1 de que Racing no registra derrotas en lo que va del Federal, el equipo arrastra el invicto desde el pasado Pre-Federal: <em>\u201cSabemos que en cualquier momento un golpe duro va a haber\u201d<\/em>, afirm\u00f3 Weisbeck y prosigui\u00f3: \u201c<em><strong>Hay que estar preparado pero tambi\u00e9n disfrutando el proceso, porque nos est\u00e1 yendo bien de local y tenemos que aprovecharlo al m\u00e1ximo en un torneo duro<\/strong>\u201d.<\/em><\/p>\n<p>&nbsp;<\/p>\n<p>En \u00faltimo t\u00e9rmino, el jugador \u201cChaira\u201d palpit\u00f3 el cierre de la seguidilla de local frente a Independiente de General Pico: <em>\u201cTenemos una semana para descansar y para aprovechar los entrenamientos, <strong>vamos a tratar de llevarnos la \u00faltima victoria antes de afrontar los viajes<\/strong>\u201d, <\/em>concluy\u00f3.<\/p>\n","protected":false},"excerpt":{"rendered":"<p>Solt\u00f3 el capit\u00e1n de Racing, Ariel Weisbeck, luego de triunfo frente a Kimberley de Mar del Plata en el Parque<\/p>\n","protected":false},"author":96739694,"featured_media":153020,"comment_status":"closed","ping_status":"closed","sticky":false,"template":"","format":"standard","meta":{"_jetpack_memberships_contains_paid_content":false,"footnotes":""},"categories":[31,1,57],"tags":[],"class_list":["post-139096","post","type-post","status-publish","format-standard","has-post-thumbnail","hentry","category-basquet","category-portada","category-torneo-federal"],"jetpack_featured_media_url":"https:\/\/i0.wp.com\/cdnoticias.com\/wp-content\/uploads\/2023\/02\/Photo_1676172786663.jpg?fit=1500%2C1000&ssl=1","jetpack_sharing_enabled":true,"_links":{"self":[{"href":"https:\/\/cdnoticias.com\/index.php\/wp-json\/wp\/v2\/posts\/139096","targetHints":{"allow":["GET"]}}],"collection":[{"href":"https:\/\/cdnoticias.com\/index.php\/wp-json\/wp\/v2\/posts"}],"about":[{"href":"https:\/\/cdnoticias.com\/index.php\/wp-json\/wp\/v2\/types\/post"}],"author":[{"embeddable":true,"href":"https:\/\/cdnoticias.com\/index.php\/wp-json\/wp\/v2\/users\/96739694"}],"replies":[{"embeddable":true,"href":"https:\/\/cdnoticias.com\/index.php\/wp-json\/wp\/v2\/comments?post=139096"}],"version-history":[{"count":0,"href":"https:\/\/cdnoticias.com\/index.php\/wp-json\/wp\/v2\/posts\/139096\/revisions"}],"wp:featuredmedia":[{"embeddable":true,"href":"https:\/\/cdnoticias.com\/index.php\/wp-json\/wp\/v2\/media\/153020"}],"wp:attachment":[{"href":"https:\/\/cdnoticias.com\/index.php\/wp-json\/wp\/v2\/media?parent=139096"}],"wp:term":[{"taxonomy":"category","embeddable":true,"href":"https:\/\/cdnoticias.com\/index.php\/wp-json\/wp\/v2\/categories?post=139096"},{"taxonomy":"post_tag","embeddable":true,"href":"https:\/\/cdnoticias.com\/index.php\/wp-json\/wp\/v2\/tags?post=139096"}],"curies":[{"name":"wp","href":"https:\/\/api.w.org\/{rel}","templated":true}]}}