{"id":139093,"date":"2023-02-12T15:25:30","date_gmt":"2023-02-12T18:25:30","guid":{"rendered":"http:\/\/centraldeportes.com.ar\/?p=30354"},"modified":"2025-02-10T22:17:21","modified_gmt":"2025-02-11T01:17:21","slug":"alejandro-weimann-y-agustin-herrera-iniciaron-la-temporada-en-el-tc-pista","status":"publish","type":"post","link":"https:\/\/cdnoticias.com\/index.php\/2023\/02\/12\/alejandro-weimann-y-agustin-herrera-iniciaron-la-temporada-en-el-tc-pista\/","title":{"rendered":"Alejandro Weimann y Agust\u00edn Herrera iniciaron la temporada en el TC Pista"},"content":{"rendered":"<p>La segunda categor\u00eda en la escala de la ACTC inici\u00f3 su campeonato en Viedma, Alejandro Weimann pudo ver la bandera a cuadros en el puesto 29\u00ba mientras que Agust\u00edn Herrera debi\u00f3 abandonar. Tob\u00edas Mart\u00ednez se qued\u00f3 con la victoria en la primera del a\u00f1o.<\/p>\n<p><!--more--><\/p>\n<hr \/>\n<p>El TC Pista disput\u00f3 este mediod\u00eda la primera fecha del campeonato 2023, y all\u00ed estuvo presente Alejandro Weimann con el Torino que alista el Azul Sport Team y Agust\u00edn Herrera en su regreso a la categor\u00eda con un Ford del equipo de Savino.<\/p>\n<p>&nbsp;<\/p>\n<p>Alejandro Weimann tuvo una final muy trabajada, un toque con varios despistes lo complic\u00f3 en el inicio de la final pero pudo recuperarse y continuar para ver la bandera a cuadros en el 29\u00ba lugar. No tuvo una buena clasificaci\u00f3n, \u00e9l mismo se lament\u00f3 por un error cuando ten\u00eda auto para ubicarse dentro de los diez, luego fue 17\u00ba en su serie y corri\u00f3 para llegar en la final. Termin\u00f3 muy conforme con el salto que dio el auto tras el nuevo asesoramiento de Maxi Ju\u00e1rez, y se ilusiona con lo puede venir.<\/p>\n<p>&nbsp;<\/p>\n<p>Agust\u00edn Herrera regres\u00f3 tras 12 a\u00f1os a la categor\u00eda, lo hizo con un Ford del Savino Sport y tal como lo anunci\u00f3 tras la prueba va a costar regresar a los primeros planos. Clasific\u00f3 en el puesto 34\u00ba el d\u00eda s\u00e1bado y fue 16\u00ba en la serie. En la final se encontr\u00f3 el auto Mat\u00edas Castro y hasta ah\u00ed llegaron las pretensiones del olavarriense que debi\u00f3 abandonar.<\/p>\n<p>&nbsp;<\/p>\n<p>El triunfo en esta primera carrera de la temporada fue para Tob\u00edas Mart\u00ednez, segundo fue Rodrigo Lug\u00f3n y tercero Rudi Bundziak. El 5 de marzo en el aut\u00f3dromo Centenario de la provincia de Neuqu\u00e9n ser\u00e1 la pr\u00f3xima fecha de la categor\u00eda.<\/p>\n","protected":false},"excerpt":{"rendered":"<p>La segunda categor\u00eda en la escala de la ACTC inici\u00f3 su campeonato en Viedma, Alejandro Weimann pudo ver la bandera<\/p>\n","protected":false},"author":96739694,"featured_media":153034,"comment_status":"closed","ping_status":"closed","sticky":false,"template":"","format":"standard","meta":{"_jetpack_memberships_contains_paid_content":false,"footnotes":""},"categories":[34,1,48],"tags":[],"class_list":["post-139093","post","type-post","status-publish","format-standard","has-post-thumbnail","hentry","category-automovilismo","category-portada","category-tc-pista"],"jetpack_featured_media_url":"https:\/\/i0.wp.com\/cdnoticias.com\/wp-content\/uploads\/2023\/02\/WhatsApp-Image-2023-02-12-at-14.57.36.jpeg?fit=950%2C633&ssl=1","jetpack_sharing_enabled":true,"_links":{"self":[{"href":"https:\/\/cdnoticias.com\/index.php\/wp-json\/wp\/v2\/posts\/139093","targetHints":{"allow":["GET"]}}],"collection":[{"href":"https:\/\/cdnoticias.com\/index.php\/wp-json\/wp\/v2\/posts"}],"about":[{"href":"https:\/\/cdnoticias.com\/index.php\/wp-json\/wp\/v2\/types\/post"}],"author":[{"embeddable":true,"href":"https:\/\/cdnoticias.com\/index.php\/wp-json\/wp\/v2\/users\/96739694"}],"replies":[{"embeddable":true,"href":"https:\/\/cdnoticias.com\/index.php\/wp-json\/wp\/v2\/comments?post=139093"}],"version-history":[{"count":0,"href":"https:\/\/cdnoticias.com\/index.php\/wp-json\/wp\/v2\/posts\/139093\/revisions"}],"wp:featuredmedia":[{"embeddable":true,"href":"https:\/\/cdnoticias.com\/index.php\/wp-json\/wp\/v2\/media\/153034"}],"wp:attachment":[{"href":"https:\/\/cdnoticias.com\/index.php\/wp-json\/wp\/v2\/media?parent=139093"}],"wp:term":[{"taxonomy":"category","embeddable":true,"href":"https:\/\/cdnoticias.com\/index.php\/wp-json\/wp\/v2\/categories?post=139093"},{"taxonomy":"post_tag","embeddable":true,"href":"https:\/\/cdnoticias.com\/index.php\/wp-json\/wp\/v2\/tags?post=139093"}],"curies":[{"name":"wp","href":"https:\/\/api.w.org\/{rel}","templated":true}]}}