{"id":139085,"date":"2023-02-11T17:07:08","date_gmt":"2023-02-11T20:07:08","guid":{"rendered":"http:\/\/centraldeportes.com.ar\/?p=30293"},"modified":"2025-02-10T22:18:02","modified_gmt":"2025-02-11T01:18:02","slug":"la-cancha-auxiliar-de-el-fortin-tambien-tiene-riego-artificial","status":"publish","type":"post","link":"https:\/\/cdnoticias.com\/index.php\/2023\/02\/11\/la-cancha-auxiliar-de-el-fortin-tambien-tiene-riego-artificial\/","title":{"rendered":"La cancha auxiliar de El Fort\u00edn tambi\u00e9n tiene riego artificial"},"content":{"rendered":"<p>En las \u00faltimas horas, la Comisi\u00f3n Directiva del Club Social y Deportivo El Fort\u00edn anunci\u00f3 que finalizaron con los trabajos de colocaci\u00f3n del nuevo sistema de riego artificial de la cancha auxiliar.<!--more--><\/p>\n<hr \/>\n<p>El escenario ubicado en el predio de la avenida Pellegrini tiene nuevo sistema de riego y el pasado viernes qued\u00f3 ya en funcionamiento.<\/p>\n<p>&nbsp;<\/p>\n<p>La costosa obra que mejorar\u00e1 las condiciones de entrenamientos para todo el f\u00fatbol \u201cFortinero\u201d se realiz\u00f3 aprovechando el receso estival y fue costeada por la Comisi\u00f3n Directiva encabezada por Leandro Lanceta y la Subcomisi\u00f3n de F\u00fatbol Menor.<\/p>\n","protected":false},"excerpt":{"rendered":"<p>En las \u00faltimas horas, la Comisi\u00f3n Directiva del Club Social y Deportivo El Fort\u00edn anunci\u00f3 que finalizaron con los trabajos<\/p>\n","protected":false},"author":96739694,"featured_media":153077,"comment_status":"closed","ping_status":"closed","sticky":false,"template":"","format":"standard","meta":{"_jetpack_memberships_contains_paid_content":false,"footnotes":""},"categories":[35,30,1],"tags":[],"class_list":["post-139085","post","type-post","status-publish","format-standard","has-post-thumbnail","hentry","category-futbol","category-polideportivo","category-portada"],"jetpack_featured_media_url":"https:\/\/i0.wp.com\/cdnoticias.com\/wp-content\/uploads\/2023\/02\/327351637_1826187767763670_4514632762102291195_n-e1676146114280.jpg?fit=600%2C337&ssl=1","jetpack_sharing_enabled":true,"_links":{"self":[{"href":"https:\/\/cdnoticias.com\/index.php\/wp-json\/wp\/v2\/posts\/139085","targetHints":{"allow":["GET"]}}],"collection":[{"href":"https:\/\/cdnoticias.com\/index.php\/wp-json\/wp\/v2\/posts"}],"about":[{"href":"https:\/\/cdnoticias.com\/index.php\/wp-json\/wp\/v2\/types\/post"}],"author":[{"embeddable":true,"href":"https:\/\/cdnoticias.com\/index.php\/wp-json\/wp\/v2\/users\/96739694"}],"replies":[{"embeddable":true,"href":"https:\/\/cdnoticias.com\/index.php\/wp-json\/wp\/v2\/comments?post=139085"}],"version-history":[{"count":0,"href":"https:\/\/cdnoticias.com\/index.php\/wp-json\/wp\/v2\/posts\/139085\/revisions"}],"wp:featuredmedia":[{"embeddable":true,"href":"https:\/\/cdnoticias.com\/index.php\/wp-json\/wp\/v2\/media\/153077"}],"wp:attachment":[{"href":"https:\/\/cdnoticias.com\/index.php\/wp-json\/wp\/v2\/media?parent=139085"}],"wp:term":[{"taxonomy":"category","embeddable":true,"href":"https:\/\/cdnoticias.com\/index.php\/wp-json\/wp\/v2\/categories?post=139085"},{"taxonomy":"post_tag","embeddable":true,"href":"https:\/\/cdnoticias.com\/index.php\/wp-json\/wp\/v2\/tags?post=139085"}],"curies":[{"name":"wp","href":"https:\/\/api.w.org\/{rel}","templated":true}]}}