{"id":139078,"date":"2023-02-10T17:54:16","date_gmt":"2023-02-10T20:54:16","guid":{"rendered":"http:\/\/centraldeportes.com.ar\/?p=30244"},"modified":"2025-02-10T22:15:22","modified_gmt":"2025-02-11T01:15:22","slug":"mauricio-cardillo-se-sumo-a-nueva-chicago-y-ya-tuvo-minutos-en-un-amistoso","status":"publish","type":"post","link":"https:\/\/cdnoticias.com\/index.php\/2023\/02\/10\/mauricio-cardillo-se-sumo-a-nueva-chicago-y-ya-tuvo-minutos-en-un-amistoso\/","title":{"rendered":"Mauricio Cardillo se sum\u00f3 a Nueva Chicago y ya tuvo minutos en un amistoso"},"content":{"rendered":"<p>El volante olavarriense, cedido por Lan\u00fas, se convirti\u00f3 en nuevo jugador del \u201cTorito\u201d para la temporada 2023 de la Primera Nacional.<!--more--><\/p>\n<hr \/>\n<p>En la tarde noche del pasado jueves, se anunci\u00f3 el arribo de otro futbolista local a la segunda categor\u00eda del f\u00fatbol nacional. Se trata de <strong>Mauricio Cardillo, volante de 19 a\u00f1os, quien se transform\u00f3 en la nueva incorporaci\u00f3n de Nueva Chicago<\/strong>.<\/p>\n<p>&nbsp;<\/p>\n<p>Tras llegar un acuerdo entre las partes, el futbolista surgido de Embajadores <strong>fue cedido desde Lan\u00fas hacia la instituci\u00f3n de Mataderos por 12 meses, sin cargo y sin opci\u00f3n de compra<\/strong>. No obstante, vale recordar que su debut deber\u00e1 esperar ya que fue suspendido con 10 fechas (ya cumpli\u00f3 2) tras los<a href=\"https:\/\/cdnoticias.com\/dura-sancion-para-mauricio-cardillo\/\"> disturbios en la definici\u00f3n del Trofeo de Campeones<\/a> frente a Boca.<\/p>\n<p>&nbsp;<\/p>\n<p>Asimismo, en la ma\u00f1ana de<strong> este viernes, tuvo sus minutos en un amistoso del \u201cTorito\u201d frente a Comunicaciones<\/strong>. El primer enfrentamiento fue empate 2 a 2 y Cardillo ingres\u00f3 desde el banco de suplentes, mientras que en el segundo comenz\u00f3 desde el arranque y fue con goleada 5 a 0 de Nueva Chicago.<\/p>\n<p>&nbsp;<\/p>\n<p><strong><em>Foto: <\/em><em>Nueva Chicago Oficial<\/em>.<\/strong><\/p>\n","protected":false},"excerpt":{"rendered":"<p>El volante olavarriense, cedido por Lan\u00fas, se convirti\u00f3 en nuevo jugador del \u201cTorito\u201d para la temporada 2023 de la Primera<\/p>\n","protected":false},"author":96739694,"featured_media":152989,"comment_status":"closed","ping_status":"closed","sticky":false,"template":"","format":"standard","meta":{"_jetpack_memberships_contains_paid_content":false,"footnotes":""},"categories":[35,37,1],"tags":[],"class_list":["post-139078","post","type-post","status-publish","format-standard","has-post-thumbnail","hentry","category-futbol","category-futbol-profesional","category-portada"],"jetpack_featured_media_url":"https:\/\/i0.wp.com\/cdnoticias.com\/wp-content\/uploads\/2023\/02\/Mauricio-Cardillo-Nueva-Chicago-1-e1676062110428.jpeg?fit=1280%2C755&ssl=1","jetpack_sharing_enabled":true,"_links":{"self":[{"href":"https:\/\/cdnoticias.com\/index.php\/wp-json\/wp\/v2\/posts\/139078","targetHints":{"allow":["GET"]}}],"collection":[{"href":"https:\/\/cdnoticias.com\/index.php\/wp-json\/wp\/v2\/posts"}],"about":[{"href":"https:\/\/cdnoticias.com\/index.php\/wp-json\/wp\/v2\/types\/post"}],"author":[{"embeddable":true,"href":"https:\/\/cdnoticias.com\/index.php\/wp-json\/wp\/v2\/users\/96739694"}],"replies":[{"embeddable":true,"href":"https:\/\/cdnoticias.com\/index.php\/wp-json\/wp\/v2\/comments?post=139078"}],"version-history":[{"count":0,"href":"https:\/\/cdnoticias.com\/index.php\/wp-json\/wp\/v2\/posts\/139078\/revisions"}],"wp:featuredmedia":[{"embeddable":true,"href":"https:\/\/cdnoticias.com\/index.php\/wp-json\/wp\/v2\/media\/152989"}],"wp:attachment":[{"href":"https:\/\/cdnoticias.com\/index.php\/wp-json\/wp\/v2\/media?parent=139078"}],"wp:term":[{"taxonomy":"category","embeddable":true,"href":"https:\/\/cdnoticias.com\/index.php\/wp-json\/wp\/v2\/categories?post=139078"},{"taxonomy":"post_tag","embeddable":true,"href":"https:\/\/cdnoticias.com\/index.php\/wp-json\/wp\/v2\/tags?post=139078"}],"curies":[{"name":"wp","href":"https:\/\/api.w.org\/{rel}","templated":true}]}}