{"id":139068,"date":"2023-02-09T00:08:45","date_gmt":"2023-02-09T03:08:45","guid":{"rendered":"http:\/\/centraldeportes.com.ar\/?p=30202"},"modified":"2025-02-10T22:13:20","modified_gmt":"2025-02-11T01:13:20","slug":"pueblo-nuevo-el-unico-invicto-de-la-zona-b","status":"publish","type":"post","link":"https:\/\/cdnoticias.com\/index.php\/2023\/02\/09\/pueblo-nuevo-el-unico-invicto-de-la-zona-b\/","title":{"rendered":"Pueblo Nuevo, el \u00fanico invicto de la Zona B"},"content":{"rendered":"<p>Este mi\u00e9rcoles se disput\u00f3 la ante\u00faltima fecha de la Zona B del Torneo de Verano organizado por la Asociaci\u00f3n de B\u00e1squet de Olavarr\u00eda y Pueblo Nuevo y El Fort\u00edn resultaron ganadores.<!--more--><\/p>\n<hr \/>\n<p>En el Juan Manolio, el duelo de invictos de la Zona B fue para Pueblo Nuevo que derrot\u00f3 a Ferro por 76 a 65.<\/p>\n<p>&nbsp;<\/p>\n<p>Luego de la paridad de la primera mitad, los locales aprovecharon la sequ\u00eda ofensiva de su rival, convirtieron los primeros triples de la noche y se alejaron poco a poco y a pesar de que el \u201cCarbonero\u201d gener\u00f3 la reacci\u00f3n de cara al final, no hubo tiempo y fue festejo para los dirigidos por Agust\u00edn Bianchi.<\/p>\n<p>&nbsp;<\/p>\n<p>[soliloquy id=&#8221;30185&#8243;]<\/p>\n<p>&nbsp;<\/p>\n<p>Por otro lado, en el Amadeo Bellingeri, El Fort\u00edn derrot\u00f3 85\u00a0 a 76 a Chacarita. En un muy disputado duelo, los &#8220;Fortineros&#8221; sumaron su segundo triunfo.<\/p>\n<p>&nbsp;<\/p>\n<p>Tres de tres para Pueblo Nuevo que es l\u00edder del grupo, escoltado por Ferro y El Fort\u00edn que descansar\u00e1 en la \u00faltima fecha. Chacarita suma una conquista y Loma Negra a\u00fan no gan\u00f3.<\/p>\n<p>&nbsp;<\/p>\n<p>S\u00edntesis Pueblo Nuevo \u2013 Ferro:<\/p>\n<p>Estadio: Juan Manolio<\/p>\n<p>\u00c1rbitros: Su\u00e1rez, D. y Z\u00e1rate, F.<\/p>\n<p><strong>Pueblo Nuevo (76): Barsi (5), Frachia (17), De Zorzi (14), Alonso (14), Castiglioni (0) -FI- Oronoz (9), Luj\u00e1n (8), Mauruto (0), Bourgeois (9), Toledo (0). DT- Agust\u00edn Bianchi<\/strong><\/p>\n<p><strong>Ferro (65): Debito (4), Rojas (0), Dupin (15), Menon (28), Rodr\u00edguez (2) -FI- Herrera (6), Iglesias (6), Lorenzo (3), Ben\u00edtez (1), P\u00e9rez (0). DT- Bruno Crivelli<\/strong><\/p>\n<p>Parciales: 12 \u2013 11; 32 \u2013 28; 54 \u2013 39 y 76 \u2013 65.<\/p>\n<p>&nbsp;<\/p>\n<p>&nbsp;<\/p>\n","protected":false},"excerpt":{"rendered":"<p>Este mi\u00e9rcoles se disput\u00f3 la ante\u00faltima fecha de la Zona B del Torneo de Verano organizado por la Asociaci\u00f3n de<\/p>\n","protected":false},"author":96739694,"featured_media":152937,"comment_status":"closed","ping_status":"closed","sticky":false,"template":"","format":"standard","meta":{"_jetpack_memberships_contains_paid_content":false,"footnotes":""},"categories":[31,1,43],"tags":[],"class_list":["post-139068","post","type-post","status-publish","format-standard","has-post-thumbnail","hentry","category-basquet","category-portada","category-primera"],"jetpack_featured_media_url":"https:\/\/i0.wp.com\/cdnoticias.com\/wp-content\/uploads\/2023\/02\/ferro-pn-verano-5.jpeg?fit=1599%2C1066&ssl=1","jetpack_sharing_enabled":true,"_links":{"self":[{"href":"https:\/\/cdnoticias.com\/index.php\/wp-json\/wp\/v2\/posts\/139068","targetHints":{"allow":["GET"]}}],"collection":[{"href":"https:\/\/cdnoticias.com\/index.php\/wp-json\/wp\/v2\/posts"}],"about":[{"href":"https:\/\/cdnoticias.com\/index.php\/wp-json\/wp\/v2\/types\/post"}],"author":[{"embeddable":true,"href":"https:\/\/cdnoticias.com\/index.php\/wp-json\/wp\/v2\/users\/96739694"}],"replies":[{"embeddable":true,"href":"https:\/\/cdnoticias.com\/index.php\/wp-json\/wp\/v2\/comments?post=139068"}],"version-history":[{"count":0,"href":"https:\/\/cdnoticias.com\/index.php\/wp-json\/wp\/v2\/posts\/139068\/revisions"}],"wp:featuredmedia":[{"embeddable":true,"href":"https:\/\/cdnoticias.com\/index.php\/wp-json\/wp\/v2\/media\/152937"}],"wp:attachment":[{"href":"https:\/\/cdnoticias.com\/index.php\/wp-json\/wp\/v2\/media?parent=139068"}],"wp:term":[{"taxonomy":"category","embeddable":true,"href":"https:\/\/cdnoticias.com\/index.php\/wp-json\/wp\/v2\/categories?post=139068"},{"taxonomy":"post_tag","embeddable":true,"href":"https:\/\/cdnoticias.com\/index.php\/wp-json\/wp\/v2\/tags?post=139068"}],"curies":[{"name":"wp","href":"https:\/\/api.w.org\/{rel}","templated":true}]}}