{"id":139067,"date":"2023-02-08T23:22:36","date_gmt":"2023-02-09T02:22:36","guid":{"rendered":"http:\/\/centraldeportes.com.ar\/?p=30182"},"modified":"2025-02-10T22:13:22","modified_gmt":"2025-02-11T01:13:22","slug":"boxeo-el-fortin-recibe-el-1-festival-y-hubo-conferencia","status":"publish","type":"post","link":"https:\/\/cdnoticias.com\/index.php\/2023\/02\/08\/boxeo-el-fortin-recibe-el-1-festival-y-hubo-conferencia\/","title":{"rendered":"Boxeo: El Fort\u00edn recibe el 1\u00b0 festival y hubo conferencia"},"content":{"rendered":"<p>Organizado por Carlos L\u00f3pez y con la fiscalizaci\u00f3n de la Comisi\u00f3n Municipal de Boxeo, se llevar\u00e1 a cabo el primer festival del 2023 en el sal\u00f3n de fiestas del Club El Fort\u00edn y se realiz\u00f3 la conferencia de presentaci\u00f3n del evento en el gimnasio de la Sociedad de Fomento Provincias Unidas.<!--more--><\/p>\n<hr \/>\n<p>\u201c<strong><em>El primer festival tendr\u00e1 doce peleas amateur con cuatro fondos de primer nivel<\/em><\/strong>\u201d sostuvieron en la conferencia de prensa de lanzamiento del evento que marcar\u00e1 la apertura del calendario en el sal\u00f3n de fiestas de El Fort\u00edn desde las 21:00 del pr\u00f3ximo viernes.<\/p>\n<p>&nbsp;<\/p>\n<p>La velada contar\u00e1 con representantes de 10 ciudades diferentes y al ser de car\u00e1cter amateur contar\u00e1 con diez peleas de fondos siendo Iara Benito y Alexander Far\u00edas, los destacados.<\/p>\n<p>&nbsp;<\/p>\n<p>Adem\u00e1s de confirmar el cronograma con 12 peleas se dio a conocer que los festivales se llevar\u00e1n a cabo los segundos viernes de cada mes y que ya trabajan en la organizaci\u00f3n del primer evento profesional.<\/p>\n<p>&nbsp;<\/p>\n<p>[soliloquy id=&#8221;30196&#8243;]<\/p>\n<p>&nbsp;<\/p>\n<p>Otro dato a destacar que desde la organizaci\u00f3n mantuvieron el precio de la entrada que ya pueden ser adquiridas o bien m\u00e1s en la boleter\u00eda dela Urquiza.<\/p>\n<p>&nbsp;<\/p>\n<p>El cronograma del viernes:<\/p>\n<p>\u00c1ngel Cepeda (Azul) \u2013 Ismael Dom\u00ednguez (Tandil)<\/p>\n<p>Alan Prieto (Necochea) \u2013 An\u00edbal Arguello (Benito Ju\u00e1rez)<\/p>\n<p>Bruno Mar\u00edn (Olavarr\u00eda) \u2013 Dante Silvero (Benito Ju\u00e1rez)<\/p>\n<p>Luz D\u00edaz (Benito Ju\u00e1rez) \u2013 Giselle Garc\u00eda (San Bernardo)<\/p>\n<p>Mateo Palmieri (Sierras Bayas) \u2013 Galv\u00e1n (Tandil)<\/p>\n<p>Rosa Berm\u00fadez (Olavarr\u00eda) \u2013 Sol Rodr\u00edguez (Laprida)<\/p>\n<p>Carlos S\u00e1nchez (Olavarr\u00eda) \u2013 Franco L\u00f3pez (Brandsen)<\/p>\n<p>Iara Benito (Olavarr\u00eda) \u2013 Ayl\u00e9n Naranajo (Solano)<\/p>\n<p>Fondo:<\/p>\n<p>Alexander Far\u00edas (Olavarr\u00eda) &#8211; Leonardo Burgos (Necochea)<\/p>\n<p>Mat\u00edas Lavayen (Tandil) &#8211; Agust\u00edn Vega (Benito Ju\u00e1rez)<\/p>\n<p>Luciano Vill\u00e1n (Tres Arroyos) \u2013 Emiliano Sosa (Azul)<\/p>\n<p>Rodrigo S\u00e1ez (Tandil) \u2013 Pedro Herrera (Necochea)<\/p>\n<p>&nbsp;<\/p>\n","protected":false},"excerpt":{"rendered":"<p>Organizado por Carlos L\u00f3pez y con la fiscalizaci\u00f3n de la Comisi\u00f3n Municipal de Boxeo, se llevar\u00e1 a cabo el primer<\/p>\n","protected":false},"author":96739694,"featured_media":152940,"comment_status":"closed","ping_status":"closed","sticky":false,"template":"","format":"standard","meta":{"_jetpack_memberships_contains_paid_content":false,"footnotes":""},"categories":[30,1],"tags":[],"class_list":["post-139067","post","type-post","status-publish","format-standard","has-post-thumbnail","hentry","category-polideportivo","category-portada"],"jetpack_featured_media_url":"https:\/\/i0.wp.com\/cdnoticias.com\/wp-content\/uploads\/2023\/02\/boxeo-1-e1675909350916.jpeg?fit=1600%2C892&ssl=1","jetpack_sharing_enabled":true,"_links":{"self":[{"href":"https:\/\/cdnoticias.com\/index.php\/wp-json\/wp\/v2\/posts\/139067","targetHints":{"allow":["GET"]}}],"collection":[{"href":"https:\/\/cdnoticias.com\/index.php\/wp-json\/wp\/v2\/posts"}],"about":[{"href":"https:\/\/cdnoticias.com\/index.php\/wp-json\/wp\/v2\/types\/post"}],"author":[{"embeddable":true,"href":"https:\/\/cdnoticias.com\/index.php\/wp-json\/wp\/v2\/users\/96739694"}],"replies":[{"embeddable":true,"href":"https:\/\/cdnoticias.com\/index.php\/wp-json\/wp\/v2\/comments?post=139067"}],"version-history":[{"count":0,"href":"https:\/\/cdnoticias.com\/index.php\/wp-json\/wp\/v2\/posts\/139067\/revisions"}],"wp:featuredmedia":[{"embeddable":true,"href":"https:\/\/cdnoticias.com\/index.php\/wp-json\/wp\/v2\/media\/152940"}],"wp:attachment":[{"href":"https:\/\/cdnoticias.com\/index.php\/wp-json\/wp\/v2\/media?parent=139067"}],"wp:term":[{"taxonomy":"category","embeddable":true,"href":"https:\/\/cdnoticias.com\/index.php\/wp-json\/wp\/v2\/categories?post=139067"},{"taxonomy":"post_tag","embeddable":true,"href":"https:\/\/cdnoticias.com\/index.php\/wp-json\/wp\/v2\/tags?post=139067"}],"curies":[{"name":"wp","href":"https:\/\/api.w.org\/{rel}","templated":true}]}}